{"id":40783,"date":"2026-09-01T08:30:00","date_gmt":"2026-09-01T06:30:00","guid":{"rendered":"https:\/\/midsummer.se\/mfn_news\/midsummer-skrinlagger-planer-pa-ny-svensk-solcellsfabrik-i-flen-och-tackar-nej-till-eu-stod\/"},"modified":"2026-09-01T10:13:16","modified_gmt":"2026-09-01T08:13:16","slug":"midsummer-skrinlagger-planer-pa-ny-svensk-solcellsfabrik-i-flen-och-tackar-nej-till-eu-stod","status":"publish","type":"mfn_news","link":"https:\/\/midsummer.se\/it\/mfn_news\/midsummer-skrinlagger-planer-pa-ny-svensk-solcellsfabrik-i-flen-och-tackar-nej-till-eu-stod\/","title":{"rendered":"Midsummer skrinl\u00e4gger planer p\u00e5 ny svensk solcellsfabrik i Flen och tackar nej till EU-st\u00f6d"},"content":{"rendered":"<div class=\"mfn-preamble\"><p><strong>Det svenska solenergif\u00f6retaget Midsummer l\u00e4gger planerna p\u00e5 en fabrik f\u00f6r tillverkning av solceller i Sverige p\u00e5 is och avst\u00e5r fr\u00e5n det EU-st\u00f6d bolaget blivit tilldelat f\u00f6r \u00e4ndam\u00e5let. F\u00f6retaget vill i dagsl\u00e4get ist\u00e4llet fokusera p\u00e5 en fortsatt internationell expansion med en annan avsev\u00e4rt mindre kapitalkr\u00e4vande aff\u00e4rs- och finansieringsmodell f\u00f6r nya fabriker.<\/strong><\/p><\/div>\n<div class=\"mfn-body\"><p>Midsummer har beslutat att skrinl\u00e4gga de tidigare kommunicerade planerna p\u00e5 en solcellsfabrik i Sverige med t\u00e4nkt etableringsort i Flen. De kommersiella m\u00f6jligheterna f\u00f6r expansion av produktionskapaciteten bed\u00f6ms vara st\u00f6rre utanf\u00f6r Sverige och tillsammans med partners \u00e4n i egen regi lokalt.<\/p><p>&#8211; Vi etablerar g\u00e4rna en ny fabrik i Sverige i en framtid n\u00e4r de kommersiella och finansiella f\u00f6ruts\u00e4ttningarna till\u00e5ter det men det sker inte inom ramen f\u00f6r det specifika projekt t\u00e4nkt f\u00f6r Flen vi blivit tilldelade ett tidsbegr\u00e4nsat EU-st\u00f6d f\u00f6r. En stor anledning \u00e4r att vi strategiskt har beslutat att v\u00e4lja andra finansieringsmodeller f\u00f6r nya fabriker \u00e4n egenfinansiering, s\u00e4ger Midsummers VD Eric Jaremalm.<\/p><p>Finansieringen av fabriken i Flen p\u00e5verkades negativt n\u00e4r Midsummer fick avslag p\u00e5 ett f\u00f6rv\u00e4ntat investeringsbidrag f\u00f6retaget s\u00f6kt fr\u00e5n Energimyndighetens program Industriklivet. D\u00e4refter har \u00f6ppnat sig nya attraktiva och avsev\u00e4rt mindre kapitalintensiva m\u00f6jligheter f\u00f6r etablering av fabriker utomlands i samarbete med etablerade globala och mycket stora industriella akt\u00f6rer.<\/p><p><strong>\u201dAsset light\u201d-modell f\u00f6r nya fabriker<\/strong><\/p><p>Midsummer har lagt om sin l\u00e5ngsiktiga produktionsstrategi till en s k asset light-modell som bygger p\u00e5 samarbete med stora industripartners. I st\u00e4llet f\u00f6r att \u00e4ga och driva alla fabriker sj\u00e4lv levererar f\u00f6retaget maskiner, r\u00e5material och kunnande f\u00f6r att m\u00f6jligg\u00f6ra lokal produktion av solceller p\u00e5 olika kontinenter. Det ger betydande tidiga int\u00e4kter i form av maskinordrar och \u00e4ven l\u00f6pande d\u00e4refter n\u00e4r fabriken tagits i drift.<\/p><p>Midsummer fick f\u00f6rra \u00e5ret uppdraget att leverera maskinutrustning med driftansvar till en solcellsfabrik i Colombia, med en \u00e5rlig produktionskapacitet p\u00e5 minst 100 MW. Hittills har f\u00f6retaget f\u00e5tt maskinordrar v\u00e4rda cirka 380 miljoner kronor f\u00f6r denna etablering. Midsummer ut\u00f6kar \u00e4ven kontinuerligt produktionen i den egna fabriken i italienska Bari som fullt utbyggd producerar 50 MW \u00e5rligen.<\/p><p>&#8211; \u00c4ven med bidraget fr\u00e5n EU hade en egenfinansiering av en helt ny fabrik i denna storleksordning i Flen kostat oss flera hundra miljoner kronor, och vi finner det inte ansvarsfullt att ta s\u00e5 stora l\u00e5n eller be v\u00e5ra aktie\u00e4gare om s\u00e5dana belopp n\u00e4r vi funnit andra v\u00e4gar att finansiera v\u00e5r expansion, som f\u00f6rutom att vara finansiellt mer f\u00f6rdelaktiga \u00e4ven geografiskt ligger n\u00e4rmare de mest snabbv\u00e4xande marknaderna idag, kommenterar Eric Jaremalm.<\/p><p><strong>L\u00e4nk till bilder och annat pressmaterial: <\/strong><strong><a href=\"https:\/\/midsummer.se\/investerare\/press\/\" rel=\"noopener\" target=\"_blank\">Press &#8211; Midsummer<\/a><\/strong><strong>.<\/strong><\/p><p><strong>Kontaktpersoner<\/strong>:<\/p><p>Eric Jaremalm<br \/>VD, Midsummer<br \/>Epost: <a href=\"mailto:eric.jaremalm@midsummer.se\" rel=\"noopener\" target=\"_blank\">eric.jaremalm@midsummer.se<\/a><br \/>Tel: 08 &#8211; 525 09\u00a0610<br \/><br \/>Robert Sj\u00f6str\u00f6m<br \/>Styrelseordf\u00f6rande, Midsummer<br \/>E-post: robert.sjostrom@midsummer.se<br \/>Tel: 0708-705308<\/p><p><strong>Om Midsummer<\/strong><br \/>Midsummer \u00e4r ett svenskt solenergif\u00f6retag som utvecklar och s\u00e4ljer utrustning f\u00f6r produktion av tunnfilmsolceller samt producerar, s\u00e4ljer och installerar solcellstak. Solcellerna \u00e4r av typen CIGS och \u00e4r tunna, l\u00e4tta, flexibla, diskreta och med ett minimalt koldioxidavtryck j\u00e4mf\u00f6rt med andra solpaneler.<\/p><p>Tillverkningen sker i Sverige med f\u00f6retagets egna <a href=\"https:\/\/midsummer.se\/products\/duo-turnkey-system\/\" rel=\"noopener\" target=\"_blank\">DUO-system<\/a> som \u00e4r det mest spridda produktionssystemet f\u00f6r b\u00f6jbara CIGS-solceller i v\u00e4rlden. Aktien \u00e4r listad p\u00e5 Nasdaq First North Premier Growth Market.\u00a0Certified Adviser \u00e4r Tapper Partners AB. Se <a href=\"https:\/\/midsummer.se\/\" rel=\"noopener\" target=\"_blank\">midsummer.se<\/a><\/p><\/div>\n<div class=\"mfn-footer mfn-attachment mfn-attachment-general\"><p><strong class=\"mfn-heading-1\">Bifogade filer<\/strong><\/p><hr \/><p><a class=\"mfn-generated mfn-primary\" href=\"https:\/\/storage.mfn.se\/3bbccf36-bc76-4828-897e-78a971cfb23f\/midsummer-skrinlagger-planer-pa-ny-svensk-solcellsfabrik-i-flen-och-tackar-nej-till-eu-stod.pdf\" rel=\"noopener\" target=\"_blank\">Midsummer skrinl\u00e4gger planer p\u00e5 ny svensk solcellsfabrik i Flen och tackar nej till EU-st\u00f6d<\/a><\/p><\/div>","protected":false},"excerpt":{"rendered":"<p>Det svenska solenergif\u00f6retaget Midsummer l\u00e4gger planerna p\u00e5 en fabrik f\u00f6r tillverkning av solceller i Sverige p\u00e5 is och avst\u00e5r fr\u00e5n det<span class=\"more\">&#8230;<\/span><\/p>\n","protected":false},"template":"","class_list":["post-40783","mfn_news","type-mfn_news","status-publish","hentry","mfn-news-tag-mfn-ci_sv","mfn-news-tag-mfn-type-ir_sv","mfn-news-tag-mfn-ext-nq-company-announcement_sv","mfn-news-tag-mfn-ext-nq_sv","mfn-news-tag-mfn_sv","mfn-news-tag-mfn-ci-other_sv","mfn-news-tag-mfn-lang-sv_sv"],"acf":[],"yoast_head":"<!-- This site is optimized with the Yoast SEO plugin v28.2 - https:\/\/yoast.com\/product\/yoast-seo-wordpress\/ -->\n<title>Midsummer skrinl\u00e4gger planer p\u00e5 ny svensk solcellsfabrik i Flen och tackar nej till EU-st\u00f6d - Midsummer<\/title>\n<meta name=\"robots\" content=\"index, follow, max-snippet:-1, max-image-preview:large, max-video-preview:-1\" \/>\n<link rel=\"canonical\" href=\"https:\/\/midsummer.se\/it\/mfn_news\/midsummer-skrinlagger-planer-pa-ny-svensk-solcellsfabrik-i-flen-och-tackar-nej-till-eu-stod\/\" \/>\n<meta property=\"og:locale\" content=\"it_IT\" \/>\n<meta property=\"og:type\" content=\"article\" \/>\n<meta property=\"og:title\" content=\"Midsummer skrinl\u00e4gger planer p\u00e5 ny svensk solcellsfabrik i Flen och tackar nej till EU-st\u00f6d - Midsummer\" \/>\n<meta property=\"og:description\" content=\"Det svenska solenergif\u00f6retaget Midsummer l\u00e4gger planerna p\u00e5 en fabrik f\u00f6r tillverkning av solceller i Sverige p\u00e5 is och avst\u00e5r fr\u00e5n det...\" \/>\n<meta property=\"og:url\" content=\"https:\/\/midsummer.se\/it\/mfn_news\/midsummer-skrinlagger-planer-pa-ny-svensk-solcellsfabrik-i-flen-och-tackar-nej-till-eu-stod\/\" \/>\n<meta property=\"og:site_name\" content=\"Midsummer\" \/>\n<meta property=\"article:modified_time\" content=\"2026-09-01T08:13:16+00:00\" \/>\n<meta property=\"og:image\" content=\"https:\/\/midsummer.se\/wp-content\/uploads\/2024\/02\/2.png\" \/>\n\t<meta property=\"og:image:width\" content=\"1920\" \/>\n\t<meta property=\"og:image:height\" content=\"1280\" \/>\n\t<meta property=\"og:image:type\" content=\"image\/png\" \/>\n<meta name=\"twitter:card\" content=\"summary_large_image\" \/>\n<meta name=\"twitter:label1\" content=\"Tempo di lettura stimato\" \/>\n\t<meta name=\"twitter:data1\" content=\"3 minuti\" \/>\n<script type=\"application\/ld+json\" class=\"yoast-schema-graph\">{\"@context\":\"https:\\\/\\\/schema.org\",\"@graph\":[{\"@type\":\"WebPage\",\"@id\":\"https:\\\/\\\/midsummer.se\\\/it\\\/mfn_news\\\/midsummer-skrinlagger-planer-pa-ny-svensk-solcellsfabrik-i-flen-och-tackar-nej-till-eu-stod\\\/\",\"url\":\"https:\\\/\\\/midsummer.se\\\/it\\\/mfn_news\\\/midsummer-skrinlagger-planer-pa-ny-svensk-solcellsfabrik-i-flen-och-tackar-nej-till-eu-stod\\\/\",\"name\":\"Midsummer skrinl\u00e4gger planer p\u00e5 ny svensk solcellsfabrik i Flen och tackar nej till EU-st\u00f6d - Midsummer\",\"isPartOf\":{\"@id\":\"https:\\\/\\\/midsummer.se\\\/it\\\/#website\"},\"datePublished\":\"2026-09-01T06:30:00+00:00\",\"dateModified\":\"2026-09-01T08:13:16+00:00\",\"breadcrumb\":{\"@id\":\"https:\\\/\\\/midsummer.se\\\/it\\\/mfn_news\\\/midsummer-skrinlagger-planer-pa-ny-svensk-solcellsfabrik-i-flen-och-tackar-nej-till-eu-stod\\\/#breadcrumb\"},\"inLanguage\":\"it-IT\",\"potentialAction\":[{\"@type\":\"ReadAction\",\"target\":[\"https:\\\/\\\/midsummer.se\\\/it\\\/mfn_news\\\/midsummer-skrinlagger-planer-pa-ny-svensk-solcellsfabrik-i-flen-och-tackar-nej-till-eu-stod\\\/\"]}]},{\"@type\":\"BreadcrumbList\",\"@id\":\"https:\\\/\\\/midsummer.se\\\/it\\\/mfn_news\\\/midsummer-skrinlagger-planer-pa-ny-svensk-solcellsfabrik-i-flen-och-tackar-nej-till-eu-stod\\\/#breadcrumb\",\"itemListElement\":[{\"@type\":\"ListItem\",\"position\":1,\"name\":\"Hem\",\"item\":\"https:\\\/\\\/midsummer.se\\\/it\\\/\"},{\"@type\":\"ListItem\",\"position\":2,\"name\":\"MFN News Items\",\"item\":\"https:\\\/\\\/midsummer.se\\\/it\\\/mfn_news\\\/\"},{\"@type\":\"ListItem\",\"position\":3,\"name\":\"Midsummer skrinl\u00e4gger planer p\u00e5 ny svensk solcellsfabrik i Flen och tackar nej till EU-st\u00f6d\"}]},{\"@type\":\"WebSite\",\"@id\":\"https:\\\/\\\/midsummer.se\\\/it\\\/#website\",\"url\":\"https:\\\/\\\/midsummer.se\\\/it\\\/\",\"name\":\"Midsummer\",\"description\":\"\",\"publisher\":{\"@id\":\"https:\\\/\\\/midsummer.se\\\/it\\\/#organization\"},\"potentialAction\":[{\"@type\":\"SearchAction\",\"target\":{\"@type\":\"EntryPoint\",\"urlTemplate\":\"https:\\\/\\\/midsummer.se\\\/it\\\/?s={search_term_string}\"},\"query-input\":{\"@type\":\"PropertyValueSpecification\",\"valueRequired\":true,\"valueName\":\"search_term_string\"}}],\"inLanguage\":\"it-IT\"},{\"@type\":\"Organization\",\"@id\":\"https:\\\/\\\/midsummer.se\\\/it\\\/#organization\",\"name\":\"Midsummer\",\"url\":\"https:\\\/\\\/midsummer.se\\\/it\\\/\",\"logo\":{\"@type\":\"ImageObject\",\"inLanguage\":\"it-IT\",\"@id\":\"https:\\\/\\\/midsummer.se\\\/it\\\/#\\\/schema\\\/logo\\\/image\\\/\",\"url\":\"https:\\\/\\\/midsummer.se\\\/wp-content\\\/uploads\\\/2020\\\/02\\\/MidSumLogo.svg\",\"contentUrl\":\"https:\\\/\\\/midsummer.se\\\/wp-content\\\/uploads\\\/2020\\\/02\\\/MidSumLogo.svg\",\"width\":335,\"height\":96,\"caption\":\"Midsummer\"},\"image\":{\"@id\":\"https:\\\/\\\/midsummer.se\\\/it\\\/#\\\/schema\\\/logo\\\/image\\\/\"}}]}<\/script>\n<!-- \/ Yoast SEO plugin. -->","yoast_head_json":{"title":"Midsummer skrinl\u00e4gger planer p\u00e5 ny svensk solcellsfabrik i Flen och tackar nej till EU-st\u00f6d - Midsummer","robots":{"index":"index","follow":"follow","max-snippet":"max-snippet:-1","max-image-preview":"max-image-preview:large","max-video-preview":"max-video-preview:-1"},"canonical":"https:\/\/midsummer.se\/it\/mfn_news\/midsummer-skrinlagger-planer-pa-ny-svensk-solcellsfabrik-i-flen-och-tackar-nej-till-eu-stod\/","og_locale":"it_IT","og_type":"article","og_title":"Midsummer skrinl\u00e4gger planer p\u00e5 ny svensk solcellsfabrik i Flen och tackar nej till EU-st\u00f6d - Midsummer","og_description":"Det svenska solenergif\u00f6retaget Midsummer l\u00e4gger planerna p\u00e5 en fabrik f\u00f6r tillverkning av solceller i Sverige p\u00e5 is och avst\u00e5r fr\u00e5n det...","og_url":"https:\/\/midsummer.se\/it\/mfn_news\/midsummer-skrinlagger-planer-pa-ny-svensk-solcellsfabrik-i-flen-och-tackar-nej-till-eu-stod\/","og_site_name":"Midsummer","article_modified_time":"2026-09-01T08:13:16+00:00","og_image":[{"width":1920,"height":1280,"url":"https:\/\/midsummer.se\/wp-content\/uploads\/2024\/02\/2.png","type":"image\/png"}],"twitter_card":"summary_large_image","twitter_misc":{"Tempo di lettura stimato":"3 minuti"},"schema":{"@context":"https:\/\/schema.org","@graph":[{"@type":"WebPage","@id":"https:\/\/midsummer.se\/it\/mfn_news\/midsummer-skrinlagger-planer-pa-ny-svensk-solcellsfabrik-i-flen-och-tackar-nej-till-eu-stod\/","url":"https:\/\/midsummer.se\/it\/mfn_news\/midsummer-skrinlagger-planer-pa-ny-svensk-solcellsfabrik-i-flen-och-tackar-nej-till-eu-stod\/","name":"Midsummer skrinl\u00e4gger planer p\u00e5 ny svensk solcellsfabrik i Flen och tackar nej till EU-st\u00f6d - Midsummer","isPartOf":{"@id":"https:\/\/midsummer.se\/it\/#website"},"datePublished":"2026-09-01T06:30:00+00:00","dateModified":"2026-09-01T08:13:16+00:00","breadcrumb":{"@id":"https:\/\/midsummer.se\/it\/mfn_news\/midsummer-skrinlagger-planer-pa-ny-svensk-solcellsfabrik-i-flen-och-tackar-nej-till-eu-stod\/#breadcrumb"},"inLanguage":"it-IT","potentialAction":[{"@type":"ReadAction","target":["https:\/\/midsummer.se\/it\/mfn_news\/midsummer-skrinlagger-planer-pa-ny-svensk-solcellsfabrik-i-flen-och-tackar-nej-till-eu-stod\/"]}]},{"@type":"BreadcrumbList","@id":"https:\/\/midsummer.se\/it\/mfn_news\/midsummer-skrinlagger-planer-pa-ny-svensk-solcellsfabrik-i-flen-och-tackar-nej-till-eu-stod\/#breadcrumb","itemListElement":[{"@type":"ListItem","position":1,"name":"Hem","item":"https:\/\/midsummer.se\/it\/"},{"@type":"ListItem","position":2,"name":"MFN News Items","item":"https:\/\/midsummer.se\/it\/mfn_news\/"},{"@type":"ListItem","position":3,"name":"Midsummer skrinl\u00e4gger planer p\u00e5 ny svensk solcellsfabrik i Flen och tackar nej till EU-st\u00f6d"}]},{"@type":"WebSite","@id":"https:\/\/midsummer.se\/it\/#website","url":"https:\/\/midsummer.se\/it\/","name":"Midsummer","description":"","publisher":{"@id":"https:\/\/midsummer.se\/it\/#organization"},"potentialAction":[{"@type":"SearchAction","target":{"@type":"EntryPoint","urlTemplate":"https:\/\/midsummer.se\/it\/?s={search_term_string}"},"query-input":{"@type":"PropertyValueSpecification","valueRequired":true,"valueName":"search_term_string"}}],"inLanguage":"it-IT"},{"@type":"Organization","@id":"https:\/\/midsummer.se\/it\/#organization","name":"Midsummer","url":"https:\/\/midsummer.se\/it\/","logo":{"@type":"ImageObject","inLanguage":"it-IT","@id":"https:\/\/midsummer.se\/it\/#\/schema\/logo\/image\/","url":"https:\/\/midsummer.se\/wp-content\/uploads\/2020\/02\/MidSumLogo.svg","contentUrl":"https:\/\/midsummer.se\/wp-content\/uploads\/2020\/02\/MidSumLogo.svg","width":335,"height":96,"caption":"Midsummer"},"image":{"@id":"https:\/\/midsummer.se\/it\/#\/schema\/logo\/image\/"}}]}},"_links":{"self":[{"href":"https:\/\/midsummer.se\/it\/wp-json\/wp\/v2\/mfn_news\/40783","targetHints":{"allow":["GET"]}}],"collection":[{"href":"https:\/\/midsummer.se\/it\/wp-json\/wp\/v2\/mfn_news"}],"about":[{"href":"https:\/\/midsummer.se\/it\/wp-json\/wp\/v2\/types\/mfn_news"}],"wp:attachment":[{"href":"https:\/\/midsummer.se\/it\/wp-json\/wp\/v2\/media?parent=40783"}],"curies":[{"name":"wp","href":"https:\/\/api.w.org\/{rel}","templated":true}]}}