{"id":40155,"date":"2026-01-12T13:20:00","date_gmt":"2026-01-12T12:20:00","guid":{"rendered":"https:\/\/midsummer.se\/mfn_news\/okade-teckningsataganden-i-midsummers-foretradesemission\/"},"modified":"2026-01-12T15:02:39","modified_gmt":"2026-01-12T14:02:39","slug":"okade-teckningsataganden-i-midsummers-foretradesemission","status":"publish","type":"mfn_news","link":"https:\/\/midsummer.se\/it\/mfn_news\/okade-teckningsataganden-i-midsummers-foretradesemission\/","title":{"rendered":"\u00d6kade tecknings\u00e5taganden i Midsummers f\u00f6retr\u00e4desemission"},"content":{"rendered":"<div class=\"mfn-preamble\"><p><strong>Storleken p\u00e5 de tecknings\u00e5taganden som l\u00e4mnats av st\u00f6rre \u00e4gare och f\u00f6retagsledningen i <\/strong><strong><a href=\"https:\/\/midsummer.se\/\" rel=\"noopener\" target=\"_blank\">Midsummer<\/a><\/strong><strong> inf\u00f6r bolagets kommande nyemission har \u00f6kat fr\u00e5n cirka 47 miljoner kronor till cirka 64 miljoner kronor efter att denna krets beslutat att \u00e5ta sig att teckna aktier f\u00f6r ytterligare sammantaget cirka 17 miljoner kronor.<\/strong><\/p><\/div>\n<div class=\"mfn-body\"><p>D\u00e4rmed \u00f6kar tecknings\u00e5tagandena fr\u00e5n cirka 27 till knappt 37 procent av f\u00f6retr\u00e4desemissionen, som uppg\u00e5r till cirka 175 miljoner kronor och \u00e4r fullt s\u00e4kerst\u00e4lld av n\u00e4mnda tecknings- samt garanti\u00e5taganden.<\/p><p><strong>Teckning p\u00e5b\u00f6rjad, l\u00f6per t o m 19 januari<\/strong><\/p><p>Perioden f\u00f6r teckning av aktier har p\u00e5b\u00f6rjats och l\u00f6per t o m den 19 januari. L\u00e4s mer om emissionen p\u00e5 bolagets hemsida <a href=\"https:\/\/midsummer.se\/mfn_news\/midsummer-ab-publ-offentliggor-en-fullt-sakerstalld-foretradesemission-om-cirka-175-miljoner-kronor-samt-traffar-overenskommelse-om-konvertering-av-skuld\/\" rel=\"noopener\" target=\"_blank\">h\u00e4r<\/a> och <a href=\"https:\/\/midsummer.se\/investerare\/foretradesemission-2026-disclaimer\/\" rel=\"noopener\" target=\"_blank\">h\u00e4r<\/a>. H\u00e4r finns bl a ett informationsdokument om emissionen, \u201dfr\u00e5gor och svar\u201d samt anm\u00e4lningssedlar f\u00f6r teckning med st\u00f6d av teckningsr\u00e4tter samt f\u00f6r teckning utan st\u00f6d av teckningsr\u00e4tter. Handel med teckningsr\u00e4tter avslutas den 14 januari.<\/p><p>Bakgrunden till emissionen \u00e4r behovet av kapital f\u00f6r att bl a tillverka och leverera den produktionsutrustning som Midsummer kommer att <a href=\"https:\/\/midsummer.se\/mfn_news\/midsummer-levererar-produktionsutrustning-for-en-100-200-mw-solcellsfabrik-i-colombia-som-del-av-saabs-offsetatagande\/\" rel=\"noopener\" target=\"_blank\">leverera till en storskalig komplett solcellsfabrik i Colombia<\/a> i samarbete med Saab, och i \u00f6vrigt m\u00f6jligg\u00f6ra fortsatt expansion i en marknad med stark efterfr\u00e5gan p\u00e5 bolagets teknologi och produkter.<\/p><p>De tre f\u00f6rsta DUO-maskinerna f\u00f6r den colombianska fabriken <a href=\"https:\/\/midsummer.se\/mfn_news\/de-tre-forsta-duo-maskinerna-for-solcellsfabriken-i-colombia-nu-sluttestade-godkanda-och-skeppade\/\" rel=\"noopener\" target=\"_blank\">l\u00e4mnade Midsummers fabrik i J\u00e4rf\u00e4lla i december<\/a>. Projektplanering med Saab p\u00e5g\u00e5r enligt plan och en mer detaljerad plan f\u00f6r solcellsfabriken i Colombia, inklusive dess storlek och tidsplan f\u00f6r f\u00e4rdigst\u00e4llandet, v\u00e4ntas kunna presenteras inom de n\u00e4rmaste m\u00e5naderna.<\/p><p><strong>Kontaktpersoner:<\/strong><\/p><p>Eric Jaremalm<br \/>VD, Midsummer<br \/>E-post: eric.jaremalm@midsummer.se<br \/>Tel: 08 &#8211; 525 09 610<\/p><p>Robert Sj\u00f6str\u00f6m<br \/>Styrelseordf\u00f6rande, Midsummer<br \/>E-post: robert.sjostrom@midsummer.se<br \/>Tel: 0708-705308<\/p><p><strong>Om Midsummer<\/strong><\/p><p>Midsummer \u00e4r ett svenskt solenergif\u00f6retag som utvecklar, tillverkar och s\u00e4ljer solceller till akt\u00f6rer inom bygg, tak och solcellsinstallation samt tillverkar, s\u00e4ljer och installerar solcellstak direkt till slutkunder. Bolaget utvecklar och s\u00e4ljer ocks\u00e5 utrustning f\u00f6r produktion av flexibla tunnfilmssolceller till strategiskt utvalda samarbetspartners samt maskiner f\u00f6r forskningssyfte. Solcellerna \u00e4r av typen CIGS (best\u00e5r av koppar, indium, gallium och selen) och \u00e4r tunna, l\u00e4tta, flexibla, diskreta och med ett minimalt koldioxidavtryck j\u00e4mf\u00f6rt med andra solpaneler.<\/p><p>Tillverkningen sker med f\u00f6retagets egna DUO-system som \u00e4r det mest spridda produktionssystemet f\u00f6r b\u00f6jbara CIGS-solceller i v\u00e4rlden. Aktien \u00e4r listad p\u00e5 Nasdaq First North Premier Growth Market. Bolagets Certified Adviser \u00e4r Tapper Partners AB. Se midsummer.se<\/p><\/div>\n<div class=\"mfn-footer mfn-attachment mfn-attachment-image\"><p><strong class=\"mfn-heading-1\">Bifogade bilder<\/strong><\/p><hr \/><p><a href=\"https:\/\/storage.mfn.se\/15367e6e-c601-4fd0-b9c5-7331336dcfa7\/duo.jpeg\" rel=\"noopener\" target=\"_blank\">DUO<\/a><\/p><\/div>\n<div class=\"mfn-footer mfn-attachment mfn-attachment-general\"><p><strong class=\"mfn-heading-1\">Bifogade filer<\/strong><\/p><hr \/><p><a class=\"mfn-generated mfn-primary\" href=\"https:\/\/storage.mfn.se\/517aa793-f261-49ce-884e-34747433889b\/okade-teckningsataganden-i-midsummers-foretradesemission.pdf\" rel=\"noopener\" target=\"_blank\">\u00d6kade tecknings\u00e5taganden i Midsummers f\u00f6retr\u00e4desemission<\/a><\/p><\/div>","protected":false},"excerpt":{"rendered":"<p>Storleken p\u00e5 de tecknings\u00e5taganden som l\u00e4mnats av st\u00f6rre \u00e4gare och f\u00f6retagsledningen i Midsummer inf\u00f6r bolagets kommande nyemission har \u00f6kat fr\u00e5n cirka<span class=\"more\">&#8230;<\/span><\/p>\n","protected":false},"template":"","class_list":["post-40155","mfn_news","type-mfn_news","status-publish","hentry","mfn-news-tag-mfn-ci_sv","mfn-news-tag-mfn-type-ir_sv","mfn-news-tag-mfn-ext-nq-company-announcement_sv","mfn-news-tag-mfn-ext-nq_sv","mfn-news-tag-mfn_sv","mfn-news-tag-mfn-ci-other_sv","mfn-news-tag-mfn-lang-sv_sv"],"acf":[],"yoast_head":"<!-- This site is optimized with the Yoast SEO plugin v27.5 - https:\/\/yoast.com\/product\/yoast-seo-wordpress\/ -->\n<title>\u00d6kade tecknings\u00e5taganden i Midsummers f\u00f6retr\u00e4desemission - Midsummer<\/title>\n<meta name=\"robots\" content=\"index, follow, max-snippet:-1, max-image-preview:large, max-video-preview:-1\" \/>\n<link rel=\"canonical\" href=\"https:\/\/midsummer.se\/it\/mfn_news\/okade-teckningsataganden-i-midsummers-foretradesemission\/\" \/>\n<meta property=\"og:locale\" content=\"it_IT\" \/>\n<meta property=\"og:type\" content=\"article\" \/>\n<meta property=\"og:title\" content=\"\u00d6kade tecknings\u00e5taganden i Midsummers f\u00f6retr\u00e4desemission - Midsummer\" \/>\n<meta property=\"og:description\" content=\"Storleken p\u00e5 de tecknings\u00e5taganden som l\u00e4mnats av st\u00f6rre \u00e4gare och f\u00f6retagsledningen i Midsummer inf\u00f6r bolagets kommande nyemission har \u00f6kat fr\u00e5n cirka...\" \/>\n<meta property=\"og:url\" content=\"https:\/\/midsummer.se\/it\/mfn_news\/okade-teckningsataganden-i-midsummers-foretradesemission\/\" \/>\n<meta property=\"og:site_name\" content=\"Midsummer\" \/>\n<meta property=\"article:modified_time\" content=\"2026-01-12T14:02:39+00:00\" \/>\n<meta property=\"og:image\" content=\"https:\/\/midsummer.se\/wp-content\/uploads\/2024\/02\/2.png\" \/>\n\t<meta property=\"og:image:width\" content=\"1920\" \/>\n\t<meta property=\"og:image:height\" content=\"1280\" \/>\n\t<meta property=\"og:image:type\" content=\"image\/png\" \/>\n<meta name=\"twitter:card\" content=\"summary_large_image\" \/>\n<meta name=\"twitter:label1\" content=\"Tempo di lettura stimato\" \/>\n\t<meta name=\"twitter:data1\" content=\"2 minuti\" \/>\n<script type=\"application\/ld+json\" class=\"yoast-schema-graph\">{\"@context\":\"https:\\\/\\\/schema.org\",\"@graph\":[{\"@type\":\"WebPage\",\"@id\":\"https:\\\/\\\/midsummer.se\\\/it\\\/mfn_news\\\/okade-teckningsataganden-i-midsummers-foretradesemission\\\/\",\"url\":\"https:\\\/\\\/midsummer.se\\\/it\\\/mfn_news\\\/okade-teckningsataganden-i-midsummers-foretradesemission\\\/\",\"name\":\"\u00d6kade tecknings\u00e5taganden i Midsummers f\u00f6retr\u00e4desemission - Midsummer\",\"isPartOf\":{\"@id\":\"https:\\\/\\\/midsummer.se\\\/it\\\/#website\"},\"datePublished\":\"2026-01-12T12:20:00+00:00\",\"dateModified\":\"2026-01-12T14:02:39+00:00\",\"breadcrumb\":{\"@id\":\"https:\\\/\\\/midsummer.se\\\/it\\\/mfn_news\\\/okade-teckningsataganden-i-midsummers-foretradesemission\\\/#breadcrumb\"},\"inLanguage\":\"it-IT\",\"potentialAction\":[{\"@type\":\"ReadAction\",\"target\":[\"https:\\\/\\\/midsummer.se\\\/it\\\/mfn_news\\\/okade-teckningsataganden-i-midsummers-foretradesemission\\\/\"]}]},{\"@type\":\"BreadcrumbList\",\"@id\":\"https:\\\/\\\/midsummer.se\\\/it\\\/mfn_news\\\/okade-teckningsataganden-i-midsummers-foretradesemission\\\/#breadcrumb\",\"itemListElement\":[{\"@type\":\"ListItem\",\"position\":1,\"name\":\"Hem\",\"item\":\"https:\\\/\\\/midsummer.se\\\/it\\\/\"},{\"@type\":\"ListItem\",\"position\":2,\"name\":\"MFN News Items\",\"item\":\"https:\\\/\\\/midsummer.se\\\/it\\\/mfn_news\\\/\"},{\"@type\":\"ListItem\",\"position\":3,\"name\":\"\u00d6kade tecknings\u00e5taganden i Midsummers f\u00f6retr\u00e4desemission\"}]},{\"@type\":\"WebSite\",\"@id\":\"https:\\\/\\\/midsummer.se\\\/it\\\/#website\",\"url\":\"https:\\\/\\\/midsummer.se\\\/it\\\/\",\"name\":\"Midsummer\",\"description\":\"\",\"publisher\":{\"@id\":\"https:\\\/\\\/midsummer.se\\\/it\\\/#organization\"},\"potentialAction\":[{\"@type\":\"SearchAction\",\"target\":{\"@type\":\"EntryPoint\",\"urlTemplate\":\"https:\\\/\\\/midsummer.se\\\/it\\\/?s={search_term_string}\"},\"query-input\":{\"@type\":\"PropertyValueSpecification\",\"valueRequired\":true,\"valueName\":\"search_term_string\"}}],\"inLanguage\":\"it-IT\"},{\"@type\":\"Organization\",\"@id\":\"https:\\\/\\\/midsummer.se\\\/it\\\/#organization\",\"name\":\"Midsummer\",\"url\":\"https:\\\/\\\/midsummer.se\\\/it\\\/\",\"logo\":{\"@type\":\"ImageObject\",\"inLanguage\":\"it-IT\",\"@id\":\"https:\\\/\\\/midsummer.se\\\/it\\\/#\\\/schema\\\/logo\\\/image\\\/\",\"url\":\"https:\\\/\\\/midsummer.se\\\/wp-content\\\/uploads\\\/2020\\\/02\\\/MidSumLogo.svg\",\"contentUrl\":\"https:\\\/\\\/midsummer.se\\\/wp-content\\\/uploads\\\/2020\\\/02\\\/MidSumLogo.svg\",\"width\":335,\"height\":96,\"caption\":\"Midsummer\"},\"image\":{\"@id\":\"https:\\\/\\\/midsummer.se\\\/it\\\/#\\\/schema\\\/logo\\\/image\\\/\"}}]}<\/script>\n<!-- \/ Yoast SEO plugin. -->","yoast_head_json":{"title":"\u00d6kade tecknings\u00e5taganden i Midsummers f\u00f6retr\u00e4desemission - Midsummer","robots":{"index":"index","follow":"follow","max-snippet":"max-snippet:-1","max-image-preview":"max-image-preview:large","max-video-preview":"max-video-preview:-1"},"canonical":"https:\/\/midsummer.se\/it\/mfn_news\/okade-teckningsataganden-i-midsummers-foretradesemission\/","og_locale":"it_IT","og_type":"article","og_title":"\u00d6kade tecknings\u00e5taganden i Midsummers f\u00f6retr\u00e4desemission - Midsummer","og_description":"Storleken p\u00e5 de tecknings\u00e5taganden som l\u00e4mnats av st\u00f6rre \u00e4gare och f\u00f6retagsledningen i Midsummer inf\u00f6r bolagets kommande nyemission har \u00f6kat fr\u00e5n cirka...","og_url":"https:\/\/midsummer.se\/it\/mfn_news\/okade-teckningsataganden-i-midsummers-foretradesemission\/","og_site_name":"Midsummer","article_modified_time":"2026-01-12T14:02:39+00:00","og_image":[{"width":1920,"height":1280,"url":"https:\/\/midsummer.se\/wp-content\/uploads\/2024\/02\/2.png","type":"image\/png"}],"twitter_card":"summary_large_image","twitter_misc":{"Tempo di lettura stimato":"2 minuti"},"schema":{"@context":"https:\/\/schema.org","@graph":[{"@type":"WebPage","@id":"https:\/\/midsummer.se\/it\/mfn_news\/okade-teckningsataganden-i-midsummers-foretradesemission\/","url":"https:\/\/midsummer.se\/it\/mfn_news\/okade-teckningsataganden-i-midsummers-foretradesemission\/","name":"\u00d6kade tecknings\u00e5taganden i Midsummers f\u00f6retr\u00e4desemission - Midsummer","isPartOf":{"@id":"https:\/\/midsummer.se\/it\/#website"},"datePublished":"2026-01-12T12:20:00+00:00","dateModified":"2026-01-12T14:02:39+00:00","breadcrumb":{"@id":"https:\/\/midsummer.se\/it\/mfn_news\/okade-teckningsataganden-i-midsummers-foretradesemission\/#breadcrumb"},"inLanguage":"it-IT","potentialAction":[{"@type":"ReadAction","target":["https:\/\/midsummer.se\/it\/mfn_news\/okade-teckningsataganden-i-midsummers-foretradesemission\/"]}]},{"@type":"BreadcrumbList","@id":"https:\/\/midsummer.se\/it\/mfn_news\/okade-teckningsataganden-i-midsummers-foretradesemission\/#breadcrumb","itemListElement":[{"@type":"ListItem","position":1,"name":"Hem","item":"https:\/\/midsummer.se\/it\/"},{"@type":"ListItem","position":2,"name":"MFN News Items","item":"https:\/\/midsummer.se\/it\/mfn_news\/"},{"@type":"ListItem","position":3,"name":"\u00d6kade tecknings\u00e5taganden i Midsummers f\u00f6retr\u00e4desemission"}]},{"@type":"WebSite","@id":"https:\/\/midsummer.se\/it\/#website","url":"https:\/\/midsummer.se\/it\/","name":"Midsummer","description":"","publisher":{"@id":"https:\/\/midsummer.se\/it\/#organization"},"potentialAction":[{"@type":"SearchAction","target":{"@type":"EntryPoint","urlTemplate":"https:\/\/midsummer.se\/it\/?s={search_term_string}"},"query-input":{"@type":"PropertyValueSpecification","valueRequired":true,"valueName":"search_term_string"}}],"inLanguage":"it-IT"},{"@type":"Organization","@id":"https:\/\/midsummer.se\/it\/#organization","name":"Midsummer","url":"https:\/\/midsummer.se\/it\/","logo":{"@type":"ImageObject","inLanguage":"it-IT","@id":"https:\/\/midsummer.se\/it\/#\/schema\/logo\/image\/","url":"https:\/\/midsummer.se\/wp-content\/uploads\/2020\/02\/MidSumLogo.svg","contentUrl":"https:\/\/midsummer.se\/wp-content\/uploads\/2020\/02\/MidSumLogo.svg","width":335,"height":96,"caption":"Midsummer"},"image":{"@id":"https:\/\/midsummer.se\/it\/#\/schema\/logo\/image\/"}}]}},"_links":{"self":[{"href":"https:\/\/midsummer.se\/it\/wp-json\/wp\/v2\/mfn_news\/40155","targetHints":{"allow":["GET"]}}],"collection":[{"href":"https:\/\/midsummer.se\/it\/wp-json\/wp\/v2\/mfn_news"}],"about":[{"href":"https:\/\/midsummer.se\/it\/wp-json\/wp\/v2\/types\/mfn_news"}],"wp:attachment":[{"href":"https:\/\/midsummer.se\/it\/wp-json\/wp\/v2\/media?parent=40155"}],"curies":[{"name":"wp","href":"https:\/\/api.w.org\/{rel}","templated":true}]}}