{"id":37061,"date":"2024-02-01T20:15:00","date_gmt":"2024-02-01T19:15:00","guid":{"rendered":"https:\/\/midsummer.se\/mfn_news\/eric-jaremalm-ny-vd-for-midsummer\/"},"modified":"2024-02-21T13:17:19","modified_gmt":"2024-02-21T12:17:19","slug":"eric-jaremalm-ny-vd-for-midsummer","status":"publish","type":"mfn_news","link":"https:\/\/midsummer.se\/it\/mfn_news\/eric-jaremalm-ny-vd-for-midsummer\/","title":{"rendered":"Eric Jaremalm ny VD f\u00f6r Midsummer"},"content":{"rendered":"<div class=\"mfn-preamble\"><p><strong>Styrelsen f\u00f6r det svenska solenergibolaget Midsummer har beslutat att tills\u00e4tta Eric Jaremalm till ny verkst\u00e4llande direkt\u00f6r f\u00f6r koncernen. Eric Jaremalm \u00e4r en av grundarna av Midsummer f\u00f6r 20 \u00e5r sedan och har gedigen erfarenhet av att leda och utveckla internationella teknikf\u00f6retag.<\/strong><\/p><\/div>\n<div class=\"mfn-body\"><p>Eric Jaremalm grundade <a href=\"https:\/\/midsummer.se\/\" rel=\"noopener\" target=\"_blank\">Midsummer<\/a> tillsammans med bl a nuvarande VD Sven Lindstr\u00f6m \u00e5r 2004 och har sedan dess innehaft ledande roller p\u00e5 f\u00f6retaget, bl a vice VD, operativ chef och finanschef.<\/p><p>F\u00f6rutom att ha medverkat till att bygga Midsummer till en ledande global akt\u00f6r inom tunnfilmssolceller med en unik teknologi, har <a href=\"https:\/\/www.linkedin.com\/in\/eric-jaremalm-64b35964\/\" rel=\"noopener\" target=\"_blank\">Eric Jaremalm<\/a> arbetat med f\u00f6rs\u00e4ljning och utveckling p\u00e5 teknikf\u00f6retaget Mycronic i drygt fem \u00e5r (baserad i Japan).<\/p><p>Han har av styrelsen utsetts f\u00f6r att leda bolaget i det kommande arbetet med \u00f6kat fokus p\u00e5 kommersiell utveckling och internationalisering av verksamheten som bl a innefattar \u00f6ppnandet av en ny 50 MW fabrik i Italien och en 200 MW fabrik i Sverige.<\/p><p>&#8211; Styrelsen anser att Eric Jaremalm bidrar med stor erfarenhet av bolaget, tekniskt kunnande och internationellt f\u00f6rs\u00e4ljningsarbete. Han har i sina olika roller i f\u00f6retaget visat p\u00e5 f\u00f6rm\u00e5ga att fokusera, prioritera och leverera, vilket \u00e4r och kommer att vara av stor vikt f\u00f6r arbetet fram\u00e5t, s\u00e4ger Robert Sj\u00f6str\u00f6m, styrelseordf\u00f6rande, Midsummer.<\/p><p>Sven Lindstr\u00f6m <a href=\"https:\/\/midsummer.se\/mfn_news\/midsummer-lanserar-program-for-minskade-kostnader-och-forbattrat-kassaflode\/\" rel=\"noopener\" target=\"_blank\">meddelade<\/a> i b\u00f6rjan av oktober att han avser att sluta som VD men forts\u00e4tta p\u00e5 Midsummer som vice VD, ansvarig f\u00f6r aff\u00e4rsutveckling och ansvarig f\u00f6r produktportf\u00f6ljen.<\/p><p>Robert Sj\u00f6str\u00f6m har ombetts av styrelsen att f\u00f6rutom sitt uppdrag som styrelsens ordf\u00f6rande \u00e4ven st\u00f6dja f\u00f6retagets ledning g\u00e4llande operativa fr\u00e5gor bl a fokuserade p\u00e5 marknad och f\u00f6rs\u00e4ljning.<\/p><p><strong>L\u00e4nk till bilder och annat pressmaterial: <\/strong><strong><a href=\"https:\/\/midsummer.se\/investerare\/press\/\" rel=\"noopener\" target=\"_blank\">Press &#8211; Midsummer<\/a><\/strong><strong>.<\/strong><\/p><p><strong>Kontaktpersoner<\/strong>:<br\/>Eric Jaremalm<br\/>tilltr\u00e4dande VD, Midsummer<br\/>E-post: <a href=\"mailto:eric.jaremalm@midsummer.se\" rel=\"noopener\" target=\"_blank\">eric.jaremalm@midsummer.se<\/a> <br\/>Telefon: 070-776 47 49<\/p><p>Robert Sj\u00f6str\u00f6m<br\/>Styrelseordf\u00f6rande, Midsummer<br\/>E-post: <a href=\"mailto:robertsjostrom1964@gmail.com\" rel=\"noopener\" target=\"_blank\">robertsjostrom1964@gmail.com<\/a> <br\/>Telefon: 08-525 09\u00a0610<\/p><p><strong>Om Midsummer<\/strong><br\/>Midsummer \u00e4r ett svenskt solenergif\u00f6retag som utvecklar, tillverkar och s\u00e4ljer solceller till akt\u00f6rer inom bygg, tak och solcellsinstallation samt tillverkar, s\u00e4ljer och installerar solcellstak direkt till slutkunder. Bolaget utvecklar och s\u00e4ljer ocks\u00e5 utrustning f\u00f6r produktion av flexibla tunnfilmssolceller till strategiskt utvalda samarbetspartners samt maskiner f\u00f6r forskningssyfte. Solcellerna \u00e4r av typen CIGS (best\u00e5r av koppar, indium, gallium och selen) och \u00e4r tunna, l\u00e4tta, flexibla, diskreta och med ett minimalt koldioxidavtryck j\u00e4mf\u00f6rt med andra solpaneler.<\/p><p>Tillverkningen sker med f\u00f6retagets egna <a href=\"https:\/\/midsummer.se\/products\/duo-turnkey-system\/\" rel=\"noopener\" target=\"_blank\">DUO-system<\/a> som \u00e4r det mest spridda produktionssystemet f\u00f6r b\u00f6jbara CIGS-solceller i v\u00e4rlden. Aktien \u00e4r listad p\u00e5 Nasdaq First North Premier Growth Market.\u00a0Certified Adviser \u00e4r Carnegie Investment Bank AB (publ). Se <a href=\"https:\/\/midsummer.se\/\" rel=\"noopener\" target=\"_blank\">midsummer.se<\/a><\/p><\/div>\n<div class=\"mfn-footer mfn-regulatory mfn-regulatory-mar\"><p><em>Denna information \u00e4r s\u00e5dan information som Midsummer \u00e4r skyldigt att offentligg\u00f6ra enligt EU:s marknadsmissbruksf\u00f6rordning. Informationen l\u00e4mnades, genom ovanst\u00e5ende kontaktpersoners f\u00f6rsorg, f\u00f6r offentligg\u00f6rande den 2024-02-01 20:15 CET.<\/em><\/p><\/div>\n<div class=\"mfn-footer mfn-attachment mfn-attachment-image\"><p><strong class=\"mfn-heading-1\">Bifogade bilder<\/strong><\/p><hr\/><p><a href=\"https:\/\/storage.mfn.se\/837bf601-faf2-4900-80fa-6641a48e991d\/eric-jaremalm-midsummer.jpeg\" rel=\"noopener\" target=\"_blank\">Eric Jaremalm, Midsummer<\/a><\/p><\/div>\n<div class=\"mfn-footer mfn-attachment mfn-attachment-general\"><p><strong class=\"mfn-heading-1\">Bifogade filer<\/strong><\/p><hr\/><p><a class=\"mfn-generated mfn-primary\" href=\"https:\/\/storage.mfn.se\/6f36c3b2-6497-4824-95b1-12c16f5e45b8\/eric-jaremalm-ny-vd-for-midsummer.pdf\" rel=\"noopener\" target=\"_blank\">Eric Jaremalm ny VD f\u00f6r Midsummer<\/a><\/p><\/div>","protected":false},"excerpt":{"rendered":"<p>Styrelsen f\u00f6r det svenska solenergibolaget Midsummer har beslutat att tills\u00e4tta Eric Jaremalm till ny verkst\u00e4llande direkt\u00f6r f\u00f6r koncernen. Eric Jaremalm \u00e4r<span class=\"more\">&#8230;<\/span><\/p>\n","protected":false},"template":"","class_list":["post-37061","mfn_news","type-mfn_news","status-publish","hentry","mfn-news-tag-mfn-ci_sv","mfn-news-tag-mfn-type-ir_sv","mfn-news-tag-mfn-regulatory-mar_sv","mfn-news-tag-mfn_sv","mfn-news-tag-mfn-ci-staff_sv","mfn-news-tag-mfn-regulatory_sv","mfn-news-tag-mfn-lang-sv_sv"],"acf":[],"yoast_head":"<!-- This site is optimized with the Yoast SEO plugin v27.5 - https:\/\/yoast.com\/product\/yoast-seo-wordpress\/ -->\n<title>Eric Jaremalm ny VD f\u00f6r Midsummer - Midsummer<\/title>\n<meta name=\"robots\" content=\"index, follow, max-snippet:-1, max-image-preview:large, max-video-preview:-1\" \/>\n<link rel=\"canonical\" href=\"https:\/\/midsummer.se\/it\/mfn_news\/eric-jaremalm-ny-vd-for-midsummer\/\" \/>\n<meta property=\"og:locale\" content=\"it_IT\" \/>\n<meta property=\"og:type\" content=\"article\" \/>\n<meta property=\"og:title\" content=\"Eric Jaremalm ny VD f\u00f6r Midsummer - Midsummer\" \/>\n<meta property=\"og:description\" content=\"Styrelsen f\u00f6r det svenska solenergibolaget Midsummer har beslutat att tills\u00e4tta Eric Jaremalm till ny verkst\u00e4llande direkt\u00f6r f\u00f6r koncernen. Eric Jaremalm \u00e4r...\" \/>\n<meta property=\"og:url\" content=\"https:\/\/midsummer.se\/it\/mfn_news\/eric-jaremalm-ny-vd-for-midsummer\/\" \/>\n<meta property=\"og:site_name\" content=\"Midsummer\" \/>\n<meta property=\"article:modified_time\" content=\"2024-02-21T12:17:19+00:00\" \/>\n<meta property=\"og:image\" content=\"https:\/\/midsummer.se\/wp-content\/uploads\/2024\/02\/2.png\" \/>\n\t<meta property=\"og:image:width\" content=\"1920\" \/>\n\t<meta property=\"og:image:height\" content=\"1280\" \/>\n\t<meta property=\"og:image:type\" content=\"image\/png\" \/>\n<meta name=\"twitter:card\" content=\"summary_large_image\" \/>\n<meta name=\"twitter:label1\" content=\"Tempo di lettura stimato\" \/>\n\t<meta name=\"twitter:data1\" content=\"3 minuti\" \/>\n<script type=\"application\/ld+json\" class=\"yoast-schema-graph\">{\"@context\":\"https:\\\/\\\/schema.org\",\"@graph\":[{\"@type\":\"WebPage\",\"@id\":\"https:\\\/\\\/midsummer.se\\\/it\\\/mfn_news\\\/eric-jaremalm-ny-vd-for-midsummer\\\/\",\"url\":\"https:\\\/\\\/midsummer.se\\\/it\\\/mfn_news\\\/eric-jaremalm-ny-vd-for-midsummer\\\/\",\"name\":\"Eric Jaremalm ny VD f\u00f6r Midsummer - Midsummer\",\"isPartOf\":{\"@id\":\"https:\\\/\\\/midsummer.se\\\/it\\\/#website\"},\"datePublished\":\"2024-02-01T19:15:00+00:00\",\"dateModified\":\"2024-02-21T12:17:19+00:00\",\"breadcrumb\":{\"@id\":\"https:\\\/\\\/midsummer.se\\\/it\\\/mfn_news\\\/eric-jaremalm-ny-vd-for-midsummer\\\/#breadcrumb\"},\"inLanguage\":\"it-IT\",\"potentialAction\":[{\"@type\":\"ReadAction\",\"target\":[\"https:\\\/\\\/midsummer.se\\\/it\\\/mfn_news\\\/eric-jaremalm-ny-vd-for-midsummer\\\/\"]}]},{\"@type\":\"BreadcrumbList\",\"@id\":\"https:\\\/\\\/midsummer.se\\\/it\\\/mfn_news\\\/eric-jaremalm-ny-vd-for-midsummer\\\/#breadcrumb\",\"itemListElement\":[{\"@type\":\"ListItem\",\"position\":1,\"name\":\"Hem\",\"item\":\"https:\\\/\\\/midsummer.se\\\/it\\\/\"},{\"@type\":\"ListItem\",\"position\":2,\"name\":\"MFN News Items\",\"item\":\"https:\\\/\\\/midsummer.se\\\/it\\\/mfn_news\\\/\"},{\"@type\":\"ListItem\",\"position\":3,\"name\":\"Eric Jaremalm ny VD f\u00f6r Midsummer\"}]},{\"@type\":\"WebSite\",\"@id\":\"https:\\\/\\\/midsummer.se\\\/it\\\/#website\",\"url\":\"https:\\\/\\\/midsummer.se\\\/it\\\/\",\"name\":\"Midsummer\",\"description\":\"\",\"publisher\":{\"@id\":\"https:\\\/\\\/midsummer.se\\\/it\\\/#organization\"},\"potentialAction\":[{\"@type\":\"SearchAction\",\"target\":{\"@type\":\"EntryPoint\",\"urlTemplate\":\"https:\\\/\\\/midsummer.se\\\/it\\\/?s={search_term_string}\"},\"query-input\":{\"@type\":\"PropertyValueSpecification\",\"valueRequired\":true,\"valueName\":\"search_term_string\"}}],\"inLanguage\":\"it-IT\"},{\"@type\":\"Organization\",\"@id\":\"https:\\\/\\\/midsummer.se\\\/it\\\/#organization\",\"name\":\"Midsummer\",\"url\":\"https:\\\/\\\/midsummer.se\\\/it\\\/\",\"logo\":{\"@type\":\"ImageObject\",\"inLanguage\":\"it-IT\",\"@id\":\"https:\\\/\\\/midsummer.se\\\/it\\\/#\\\/schema\\\/logo\\\/image\\\/\",\"url\":\"https:\\\/\\\/midsummer.se\\\/wp-content\\\/uploads\\\/2020\\\/02\\\/MidSumLogo.svg\",\"contentUrl\":\"https:\\\/\\\/midsummer.se\\\/wp-content\\\/uploads\\\/2020\\\/02\\\/MidSumLogo.svg\",\"width\":335,\"height\":96,\"caption\":\"Midsummer\"},\"image\":{\"@id\":\"https:\\\/\\\/midsummer.se\\\/it\\\/#\\\/schema\\\/logo\\\/image\\\/\"}}]}<\/script>\n<!-- \/ Yoast SEO plugin. -->","yoast_head_json":{"title":"Eric Jaremalm ny VD f\u00f6r Midsummer - Midsummer","robots":{"index":"index","follow":"follow","max-snippet":"max-snippet:-1","max-image-preview":"max-image-preview:large","max-video-preview":"max-video-preview:-1"},"canonical":"https:\/\/midsummer.se\/it\/mfn_news\/eric-jaremalm-ny-vd-for-midsummer\/","og_locale":"it_IT","og_type":"article","og_title":"Eric Jaremalm ny VD f\u00f6r Midsummer - Midsummer","og_description":"Styrelsen f\u00f6r det svenska solenergibolaget Midsummer har beslutat att tills\u00e4tta Eric Jaremalm till ny verkst\u00e4llande direkt\u00f6r f\u00f6r koncernen. Eric Jaremalm \u00e4r...","og_url":"https:\/\/midsummer.se\/it\/mfn_news\/eric-jaremalm-ny-vd-for-midsummer\/","og_site_name":"Midsummer","article_modified_time":"2024-02-21T12:17:19+00:00","og_image":[{"width":1920,"height":1280,"url":"https:\/\/midsummer.se\/wp-content\/uploads\/2024\/02\/2.png","type":"image\/png"}],"twitter_card":"summary_large_image","twitter_misc":{"Tempo di lettura stimato":"3 minuti"},"schema":{"@context":"https:\/\/schema.org","@graph":[{"@type":"WebPage","@id":"https:\/\/midsummer.se\/it\/mfn_news\/eric-jaremalm-ny-vd-for-midsummer\/","url":"https:\/\/midsummer.se\/it\/mfn_news\/eric-jaremalm-ny-vd-for-midsummer\/","name":"Eric Jaremalm ny VD f\u00f6r Midsummer - Midsummer","isPartOf":{"@id":"https:\/\/midsummer.se\/it\/#website"},"datePublished":"2024-02-01T19:15:00+00:00","dateModified":"2024-02-21T12:17:19+00:00","breadcrumb":{"@id":"https:\/\/midsummer.se\/it\/mfn_news\/eric-jaremalm-ny-vd-for-midsummer\/#breadcrumb"},"inLanguage":"it-IT","potentialAction":[{"@type":"ReadAction","target":["https:\/\/midsummer.se\/it\/mfn_news\/eric-jaremalm-ny-vd-for-midsummer\/"]}]},{"@type":"BreadcrumbList","@id":"https:\/\/midsummer.se\/it\/mfn_news\/eric-jaremalm-ny-vd-for-midsummer\/#breadcrumb","itemListElement":[{"@type":"ListItem","position":1,"name":"Hem","item":"https:\/\/midsummer.se\/it\/"},{"@type":"ListItem","position":2,"name":"MFN News Items","item":"https:\/\/midsummer.se\/it\/mfn_news\/"},{"@type":"ListItem","position":3,"name":"Eric Jaremalm ny VD f\u00f6r Midsummer"}]},{"@type":"WebSite","@id":"https:\/\/midsummer.se\/it\/#website","url":"https:\/\/midsummer.se\/it\/","name":"Midsummer","description":"","publisher":{"@id":"https:\/\/midsummer.se\/it\/#organization"},"potentialAction":[{"@type":"SearchAction","target":{"@type":"EntryPoint","urlTemplate":"https:\/\/midsummer.se\/it\/?s={search_term_string}"},"query-input":{"@type":"PropertyValueSpecification","valueRequired":true,"valueName":"search_term_string"}}],"inLanguage":"it-IT"},{"@type":"Organization","@id":"https:\/\/midsummer.se\/it\/#organization","name":"Midsummer","url":"https:\/\/midsummer.se\/it\/","logo":{"@type":"ImageObject","inLanguage":"it-IT","@id":"https:\/\/midsummer.se\/it\/#\/schema\/logo\/image\/","url":"https:\/\/midsummer.se\/wp-content\/uploads\/2020\/02\/MidSumLogo.svg","contentUrl":"https:\/\/midsummer.se\/wp-content\/uploads\/2020\/02\/MidSumLogo.svg","width":335,"height":96,"caption":"Midsummer"},"image":{"@id":"https:\/\/midsummer.se\/it\/#\/schema\/logo\/image\/"}}]}},"_links":{"self":[{"href":"https:\/\/midsummer.se\/it\/wp-json\/wp\/v2\/mfn_news\/37061","targetHints":{"allow":["GET"]}}],"collection":[{"href":"https:\/\/midsummer.se\/it\/wp-json\/wp\/v2\/mfn_news"}],"about":[{"href":"https:\/\/midsummer.se\/it\/wp-json\/wp\/v2\/types\/mfn_news"}],"wp:attachment":[{"href":"https:\/\/midsummer.se\/it\/wp-json\/wp\/v2\/media?parent=37061"}],"curies":[{"name":"wp","href":"https:\/\/api.w.org\/{rel}","templated":true}]}}