{"id":24648,"date":"2022-04-03T11:51:00","date_gmt":"2022-04-03T09:51:00","guid":{"rendered":"https:\/\/midsummer.se\/mfn_news\/vd-sven-lindstrom-pratar-om-scaling-green-technology-hos-redeye-den-5-april\/"},"modified":"2023-10-27T08:09:23","modified_gmt":"2023-10-27T06:09:23","slug":"vd-sven-lindstrom-pratar-om-scaling-green-technology-hos-redeye-den-5-april","status":"publish","type":"mfn_news","link":"https:\/\/midsummer.se\/it\/mfn_news\/vd-sven-lindstrom-pratar-om-scaling-green-technology-hos-redeye-den-5-april\/","title":{"rendered":"VD Sven Lindstr\u00f6m pratar om \u201dScaling Green Technology\u201d hos Redeye den 5 april"},"content":{"rendered":"<div class=\"mfn-preamble\"><p><strong>Det svenska solenergif\u00f6retaget Midsummer presenterar sitt f\u00f6retag och verksamhet p\u00e5 investmentbanken Redeyes evenemang Scaling Green Technology i Stockholm den 5 april.<\/strong><\/p><\/div>\n<div class=\"mfn-body\"><p>Evenemangets tema \u00e4r hur man skalar upp gr\u00f6n innovativ teknologi till en framg\u00e5ngsrik global verksamhet. Midsummers VD Sven Lindstr\u00f6m h\u00e5ller en presentation som b\u00f6rjar klockan 11.14 och p\u00e5g\u00e5r i tolv minuter f\u00f6ljt av \u00e5tta minuter fr\u00e5gestund. L\u00e4s mer om evenemanget och f\u00f6lj det i direkts\u00e4ndning <a target=\"_blank\" href=\"https:\/\/www.redeye.se\/events\/828882\/scaling-green-technology\" rel=\"nofollow noopener\">h\u00e4r<\/a>.<\/p><p><a target=\"_blank\" href=\"https:\/\/midsummer.se\/\" rel=\"nofollow noopener\">Midsummer<\/a> \u00e4r Sveriges enda tillverkare av solceller och v\u00e4rldsledande inom l\u00e4tta, flexibla och diskreta solcellstak med l\u00e5ga klimatavtryck. Sven Lindstr\u00f6m har en vision om ett antal s k megafabriker i Sverige f\u00f6r tillverkning av solpaneler, se \u00f6ppet brev <a target=\"_blank\" href=\"https:\/\/midsummer.se\/pressmeddelanden\/min-vision-om-sveriges-framtida-energiforsorjning-av-sven-lindstrom-vd-for-midsummer\/\" rel=\"nofollow noopener\">h\u00e4r<\/a>.<\/p><p><strong>L\u00e4nk till bilder och annat pressmaterial: <\/strong><strong><a href=\"https:\/\/midsummer.se\/investerare\/press\/\" target=\"_blank\" rel=\"nofollow noopener\">Press &#8211; Midsummer<\/a><\/strong><strong>.<\/strong><\/p><p><strong>Kontaktperson<\/strong>:<br\/>Peter Karaszi<br\/>Kommunikationschef, Midsummer<br\/>E-post: <a href=\"mailto:peter.karaszi@midsummer.se\" target=\"_blank\" rel=\"nofollow noopener\">peter.karaszi@midsummer.se<\/a> <br\/>Telefon: 070-341 46 53<\/p><p><strong>Om Midsummer<\/strong><br\/>Midsummer \u00e4r ett svenskt solenergif\u00f6retag som utvecklar och s\u00e4ljer utrustning f\u00f6r produktion av tunnfilmsolceller samt producerar, s\u00e4ljer och installerar solcellstak. Solcellerna \u00e4r av typen CIGS och \u00e4r tunna, l\u00e4tta, flexibla, diskreta och med ett minimalt koldioxidavtryck j\u00e4mf\u00f6rt med andra solpaneler.<\/p><p>Tillverkningen sker i Sverige med f\u00f6retagets egna <a href=\"https:\/\/midsummer.se\/products\/duo-turnkey-system\/\" target=\"_blank\" rel=\"nofollow noopener\">DUO-system<\/a> som \u00e4r det mest spridda produktionssystemet f\u00f6r b\u00f6jbara CIGS-solceller i v\u00e4rlden. Aktien \u00e4r listad p\u00e5 Nasdaq First North Premier Growth Market.\u00a0Certified Adviser \u00e4r G&amp;W Fondkommission, tel: 08-503\u00a0000\u00a050, e-post: <a href=\"mailto:ca@gwkapital.se\" target=\"_blank\" rel=\"nofollow noopener\">ca@gwkapital.se<\/a>. Se <a href=\"https:\/\/midsummer.se\/\" target=\"_blank\" rel=\"nofollow noopener\">midsummer.se<\/a><\/p><\/div>\n<div class=\"mfn-footer mfn-attachment mfn-attachment-image\"><p><strong class=\"mfn-heading-1\">Bifogade bilder<\/strong><\/p><hr\/><p><a target=\"_blank\" href=\"https:\/\/storage.mfn.se\/18a0adbc-eeed-4cd9-91a5-19af92d75b10\/midsummer-slim.jpeg\" rel=\"nofollow noopener\">Midsummer SLIM<\/a><\/p><\/div>\n<div class=\"mfn-footer mfn-attachment mfn-attachment-general\"><p><strong class=\"mfn-heading-1\">Bifogade filer<\/strong><\/p><hr\/><p><a class=\"mfn-generated mfn-primary\" href=\"https:\/\/storage.mfn.se\/c02d0e9a-520e-49af-a026-dbaa21c7a6ed\/vd-sven-lindstrom-pratar-om-scaling-green-technology-hos-redeye-den-5-april.pdf\" target=\"_blank\" rel=\"nofollow noopener\">VD Sven Lindstr\u00f6m pratar om \u201dScaling Green Technology\u201d hos Redeye den 5 april<\/a><\/p><\/div>","protected":false},"excerpt":{"rendered":"<p>Det svenska solenergif\u00f6retaget Midsummer presenterar sitt f\u00f6retag och verksamhet p\u00e5 investmentbanken Redeyes evenemang Scaling Green Technology i Stockholm den 5 april.<span class=\"more\">&#8230;<\/span><\/p>\n","protected":false},"template":"","class_list":["post-24648","mfn_news","type-mfn_news","status-publish","hentry","mfn-news-tag-mfn_sv","mfn-news-tag-mfn-type-pr_sv","mfn-news-tag-mfn-lang-sv_sv"],"acf":[],"yoast_head":"<!-- This site is optimized with the Yoast SEO plugin v27.5 - https:\/\/yoast.com\/product\/yoast-seo-wordpress\/ -->\n<title>VD Sven Lindstr\u00f6m pratar om \u201dScaling Green Technology\u201d hos Redeye den 5 april - Midsummer<\/title>\n<meta name=\"robots\" content=\"index, follow, max-snippet:-1, max-image-preview:large, max-video-preview:-1\" \/>\n<link rel=\"canonical\" href=\"https:\/\/midsummer.se\/it\/mfn_news\/vd-sven-lindstrom-pratar-om-scaling-green-technology-hos-redeye-den-5-april\/\" \/>\n<meta property=\"og:locale\" content=\"it_IT\" \/>\n<meta property=\"og:type\" content=\"article\" \/>\n<meta property=\"og:title\" content=\"VD Sven Lindstr\u00f6m pratar om \u201dScaling Green Technology\u201d hos Redeye den 5 april - Midsummer\" \/>\n<meta property=\"og:description\" content=\"Det svenska solenergif\u00f6retaget Midsummer presenterar sitt f\u00f6retag och verksamhet p\u00e5 investmentbanken Redeyes evenemang Scaling Green Technology i Stockholm den 5 april....\" \/>\n<meta property=\"og:url\" content=\"https:\/\/midsummer.se\/it\/mfn_news\/vd-sven-lindstrom-pratar-om-scaling-green-technology-hos-redeye-den-5-april\/\" \/>\n<meta property=\"og:site_name\" content=\"Midsummer\" \/>\n<meta property=\"article:modified_time\" content=\"2023-10-27T06:09:23+00:00\" \/>\n<meta property=\"og:image\" content=\"https:\/\/midsummer.se\/wp-content\/uploads\/2024\/02\/2.png\" \/>\n\t<meta property=\"og:image:width\" content=\"1920\" \/>\n\t<meta property=\"og:image:height\" content=\"1280\" \/>\n\t<meta property=\"og:image:type\" content=\"image\/png\" \/>\n<meta name=\"twitter:card\" content=\"summary_large_image\" \/>\n<meta name=\"twitter:label1\" content=\"Tempo di lettura stimato\" \/>\n\t<meta name=\"twitter:data1\" content=\"1 minuto\" \/>\n<script type=\"application\/ld+json\" class=\"yoast-schema-graph\">{\"@context\":\"https:\\\/\\\/schema.org\",\"@graph\":[{\"@type\":\"WebPage\",\"@id\":\"https:\\\/\\\/midsummer.se\\\/it\\\/mfn_news\\\/vd-sven-lindstrom-pratar-om-scaling-green-technology-hos-redeye-den-5-april\\\/\",\"url\":\"https:\\\/\\\/midsummer.se\\\/it\\\/mfn_news\\\/vd-sven-lindstrom-pratar-om-scaling-green-technology-hos-redeye-den-5-april\\\/\",\"name\":\"VD Sven Lindstr\u00f6m pratar om \u201dScaling Green Technology\u201d hos Redeye den 5 april - Midsummer\",\"isPartOf\":{\"@id\":\"https:\\\/\\\/midsummer.se\\\/it\\\/#website\"},\"datePublished\":\"2022-04-03T09:51:00+00:00\",\"dateModified\":\"2023-10-27T06:09:23+00:00\",\"breadcrumb\":{\"@id\":\"https:\\\/\\\/midsummer.se\\\/it\\\/mfn_news\\\/vd-sven-lindstrom-pratar-om-scaling-green-technology-hos-redeye-den-5-april\\\/#breadcrumb\"},\"inLanguage\":\"it-IT\",\"potentialAction\":[{\"@type\":\"ReadAction\",\"target\":[\"https:\\\/\\\/midsummer.se\\\/it\\\/mfn_news\\\/vd-sven-lindstrom-pratar-om-scaling-green-technology-hos-redeye-den-5-april\\\/\"]}]},{\"@type\":\"BreadcrumbList\",\"@id\":\"https:\\\/\\\/midsummer.se\\\/it\\\/mfn_news\\\/vd-sven-lindstrom-pratar-om-scaling-green-technology-hos-redeye-den-5-april\\\/#breadcrumb\",\"itemListElement\":[{\"@type\":\"ListItem\",\"position\":1,\"name\":\"Hem\",\"item\":\"https:\\\/\\\/midsummer.se\\\/it\\\/\"},{\"@type\":\"ListItem\",\"position\":2,\"name\":\"MFN News Items\",\"item\":\"https:\\\/\\\/midsummer.se\\\/it\\\/mfn_news\\\/\"},{\"@type\":\"ListItem\",\"position\":3,\"name\":\"VD Sven Lindstr\u00f6m pratar om \u201dScaling Green Technology\u201d hos Redeye den 5 april\"}]},{\"@type\":\"WebSite\",\"@id\":\"https:\\\/\\\/midsummer.se\\\/it\\\/#website\",\"url\":\"https:\\\/\\\/midsummer.se\\\/it\\\/\",\"name\":\"Midsummer\",\"description\":\"\",\"publisher\":{\"@id\":\"https:\\\/\\\/midsummer.se\\\/it\\\/#organization\"},\"potentialAction\":[{\"@type\":\"SearchAction\",\"target\":{\"@type\":\"EntryPoint\",\"urlTemplate\":\"https:\\\/\\\/midsummer.se\\\/it\\\/?s={search_term_string}\"},\"query-input\":{\"@type\":\"PropertyValueSpecification\",\"valueRequired\":true,\"valueName\":\"search_term_string\"}}],\"inLanguage\":\"it-IT\"},{\"@type\":\"Organization\",\"@id\":\"https:\\\/\\\/midsummer.se\\\/it\\\/#organization\",\"name\":\"Midsummer\",\"url\":\"https:\\\/\\\/midsummer.se\\\/it\\\/\",\"logo\":{\"@type\":\"ImageObject\",\"inLanguage\":\"it-IT\",\"@id\":\"https:\\\/\\\/midsummer.se\\\/it\\\/#\\\/schema\\\/logo\\\/image\\\/\",\"url\":\"https:\\\/\\\/midsummer.se\\\/wp-content\\\/uploads\\\/2020\\\/02\\\/MidSumLogo.svg\",\"contentUrl\":\"https:\\\/\\\/midsummer.se\\\/wp-content\\\/uploads\\\/2020\\\/02\\\/MidSumLogo.svg\",\"width\":335,\"height\":96,\"caption\":\"Midsummer\"},\"image\":{\"@id\":\"https:\\\/\\\/midsummer.se\\\/it\\\/#\\\/schema\\\/logo\\\/image\\\/\"}}]}<\/script>\n<!-- \/ Yoast SEO plugin. -->","yoast_head_json":{"title":"VD Sven Lindstr\u00f6m pratar om \u201dScaling Green Technology\u201d hos Redeye den 5 april - Midsummer","robots":{"index":"index","follow":"follow","max-snippet":"max-snippet:-1","max-image-preview":"max-image-preview:large","max-video-preview":"max-video-preview:-1"},"canonical":"https:\/\/midsummer.se\/it\/mfn_news\/vd-sven-lindstrom-pratar-om-scaling-green-technology-hos-redeye-den-5-april\/","og_locale":"it_IT","og_type":"article","og_title":"VD Sven Lindstr\u00f6m pratar om \u201dScaling Green Technology\u201d hos Redeye den 5 april - Midsummer","og_description":"Det svenska solenergif\u00f6retaget Midsummer presenterar sitt f\u00f6retag och verksamhet p\u00e5 investmentbanken Redeyes evenemang Scaling Green Technology i Stockholm den 5 april....","og_url":"https:\/\/midsummer.se\/it\/mfn_news\/vd-sven-lindstrom-pratar-om-scaling-green-technology-hos-redeye-den-5-april\/","og_site_name":"Midsummer","article_modified_time":"2023-10-27T06:09:23+00:00","og_image":[{"width":1920,"height":1280,"url":"https:\/\/midsummer.se\/wp-content\/uploads\/2024\/02\/2.png","type":"image\/png"}],"twitter_card":"summary_large_image","twitter_misc":{"Tempo di lettura stimato":"1 minuto"},"schema":{"@context":"https:\/\/schema.org","@graph":[{"@type":"WebPage","@id":"https:\/\/midsummer.se\/it\/mfn_news\/vd-sven-lindstrom-pratar-om-scaling-green-technology-hos-redeye-den-5-april\/","url":"https:\/\/midsummer.se\/it\/mfn_news\/vd-sven-lindstrom-pratar-om-scaling-green-technology-hos-redeye-den-5-april\/","name":"VD Sven Lindstr\u00f6m pratar om \u201dScaling Green Technology\u201d hos Redeye den 5 april - Midsummer","isPartOf":{"@id":"https:\/\/midsummer.se\/it\/#website"},"datePublished":"2022-04-03T09:51:00+00:00","dateModified":"2023-10-27T06:09:23+00:00","breadcrumb":{"@id":"https:\/\/midsummer.se\/it\/mfn_news\/vd-sven-lindstrom-pratar-om-scaling-green-technology-hos-redeye-den-5-april\/#breadcrumb"},"inLanguage":"it-IT","potentialAction":[{"@type":"ReadAction","target":["https:\/\/midsummer.se\/it\/mfn_news\/vd-sven-lindstrom-pratar-om-scaling-green-technology-hos-redeye-den-5-april\/"]}]},{"@type":"BreadcrumbList","@id":"https:\/\/midsummer.se\/it\/mfn_news\/vd-sven-lindstrom-pratar-om-scaling-green-technology-hos-redeye-den-5-april\/#breadcrumb","itemListElement":[{"@type":"ListItem","position":1,"name":"Hem","item":"https:\/\/midsummer.se\/it\/"},{"@type":"ListItem","position":2,"name":"MFN News Items","item":"https:\/\/midsummer.se\/it\/mfn_news\/"},{"@type":"ListItem","position":3,"name":"VD Sven Lindstr\u00f6m pratar om \u201dScaling Green Technology\u201d hos Redeye den 5 april"}]},{"@type":"WebSite","@id":"https:\/\/midsummer.se\/it\/#website","url":"https:\/\/midsummer.se\/it\/","name":"Midsummer","description":"","publisher":{"@id":"https:\/\/midsummer.se\/it\/#organization"},"potentialAction":[{"@type":"SearchAction","target":{"@type":"EntryPoint","urlTemplate":"https:\/\/midsummer.se\/it\/?s={search_term_string}"},"query-input":{"@type":"PropertyValueSpecification","valueRequired":true,"valueName":"search_term_string"}}],"inLanguage":"it-IT"},{"@type":"Organization","@id":"https:\/\/midsummer.se\/it\/#organization","name":"Midsummer","url":"https:\/\/midsummer.se\/it\/","logo":{"@type":"ImageObject","inLanguage":"it-IT","@id":"https:\/\/midsummer.se\/it\/#\/schema\/logo\/image\/","url":"https:\/\/midsummer.se\/wp-content\/uploads\/2020\/02\/MidSumLogo.svg","contentUrl":"https:\/\/midsummer.se\/wp-content\/uploads\/2020\/02\/MidSumLogo.svg","width":335,"height":96,"caption":"Midsummer"},"image":{"@id":"https:\/\/midsummer.se\/it\/#\/schema\/logo\/image\/"}}]}},"_links":{"self":[{"href":"https:\/\/midsummer.se\/it\/wp-json\/wp\/v2\/mfn_news\/24648","targetHints":{"allow":["GET"]}}],"collection":[{"href":"https:\/\/midsummer.se\/it\/wp-json\/wp\/v2\/mfn_news"}],"about":[{"href":"https:\/\/midsummer.se\/it\/wp-json\/wp\/v2\/types\/mfn_news"}],"wp:attachment":[{"href":"https:\/\/midsummer.se\/it\/wp-json\/wp\/v2\/media?parent=24648"}],"curies":[{"name":"wp","href":"https:\/\/api.w.org\/{rel}","templated":true}]}}