{"id":23102,"date":"2022-03-04T10:30:00","date_gmt":"2022-03-04T09:30:00","guid":{"rendered":"https:\/\/midsummer.se\/mfn_news\/midsummers-vd-kommenterar-industriell-hallbarhet-och-uthallighet-kraver-egen-elproduktion\/"},"modified":"2023-10-27T08:09:25","modified_gmt":"2023-10-27T06:09:25","slug":"midsummers-vd-kommenterar-industriell-hallbarhet-och-uthallighet-kraver-egen-elproduktion","status":"publish","type":"mfn_news","link":"https:\/\/midsummer.se\/it\/mfn_news\/midsummers-vd-kommenterar-industriell-hallbarhet-och-uthallighet-kraver-egen-elproduktion\/","title":{"rendered":"Midsummers VD kommenterar: &#8220;Industriell h\u00e5llbarhet och uth\u00e5llighet kr\u00e4ver egen elproduktion&#8221;"},"content":{"rendered":"<div class=\"mfn-preamble\"><p><strong>Under en period med starkt stigande elpriser och larmrapporter om brist p\u00e5 energi och \u00f6verf\u00f6ringskapacitet v\u00e4xer insikten l\u00e5ngsamt fram i svenskt n\u00e4ringsliv att s\u00e4ker tillg\u00e5ng p\u00e5 elektricitet f\u00f6r driften kr\u00e4ver ansvar f\u00f6r en egen produktion av elektricitet. Det \u00e4r ett helt nytt s\u00e4tt att t\u00e4nka och agera som utmanar decennier av givna f\u00f6ruts\u00e4ttningar. Det skriver energif\u00f6retaget Midsummers VD Sven Lindstr\u00f6m i en kommentar,<\/strong><\/p><\/div>\n<div class=\"mfn-body\"><p>Insikten kan vara sm\u00e4rtsam f\u00f6r vissa f\u00f6retagare, eftersom den kr\u00e4ver en stor omst\u00e4llning och ett nytt s\u00e4tt att t\u00e4nka och r\u00e4kna, men det g\u00e5r inte l\u00e4ngre att lita p\u00e5 att samh\u00e4llet och dess energif\u00f6retag kommer att l\u00f6sa den framtida eltillg\u00e5ngen f\u00f6r industrif\u00f6retagen och dess verksamheter. Vi ser redan nu stigande elpriser och f\u00f6rhoppningen om att vindkraft ska t\u00e4cka det \u00f6kande behovet av elektricitet det n\u00e4rmaste decenniet h\u00e5ller helt enkelt inte. Den storskaliga havsbaserade vindkraften, om den blir av, ligger f\u00f6r l\u00e5ngt fram i tiden och har andra utmaningar.<\/p><p>Kriget i Ukraina accentuerar \u00e4n mer os\u00e4kerheten i den l\u00e5ngsiktiga energif\u00f6rs\u00f6rjningen. Vi vet \u00e4nnu inte hur det kommer att p\u00e5verka gas- och oljeleveranser till Europa, elpriser m m men det har blivit en rej\u00e4l \u00f6gon\u00f6ppnare f\u00f6r m\u00e5nga akt\u00f6rer p\u00e5 s\u00e5v\u00e4l makro- som mikroniv\u00e5.<\/p><p>M\u00e5nga f\u00f6retag rapporterar redan stigande r\u00e5varu- och energipriser som en orsak till minskad l\u00f6nsamhet och vi har den h\u00f6gsta inflationen p\u00e5 decennier. Vissa f\u00f6retag har avst\u00e5tt fr\u00e5n etablering i regioner d\u00e4r de inte kunnat vara helt s\u00e4kra p\u00e5 l\u00e5ngsiktig tillg\u00e5ng till elektricitet.<\/p><p><strong>Nya industrisatsningar kr\u00e4ver energi<\/strong><\/p><p>Samtidigt l\u00e4ser vi n\u00e4stan dagligen om nya \u201dgr\u00f6na\u201d industrif\u00f6retag som ska etableras landet runt och som kommer att producera allt fr\u00e5n batterier till st\u00e5l. Gemensamt f\u00f6r dem alla \u00e4r att de \u00e4r extremt energislukande. Den nya batterifabriken i G\u00f6teborg kommer att beh\u00f6va lika mycket el som hela Uppsala enligt Svenska kraftn\u00e4t, och G\u00f6teborg Energi varslar om ett \u201dkrisl\u00e4ge\u201d d\u00e4r staden redan om tre \u00e5r kan sl\u00e5 i kapacitetstaket f\u00f6r eln\u00e4tet.<\/p><p>Dessa framtidsindustrier, som landet verkligen beh\u00f6ver, kommer dessutom att konkurrera med privatmarknaden om elektriciteten eftersom alla ju ska k\u00f6ra elbilar i framtiden.<\/p><p>Med en starkt \u00f6kande efterfr\u00e5gan p\u00e5 elektricitet och med ett os\u00e4kert eller \u00e5tminstone svajigt utbud av detsamma \u00e5terst\u00e5r bara en enda l\u00f6sning \u2013 egen produktion av elektricitet.<\/p><p>De nya fabrikerna kommer att ha stora tak och h\u00e4r \u00e4r solpaneler den helt naturliga l\u00f6sningen. De \u00e4r numera snygga och effektiva, \u00e4ven p\u00e5 nordliga breddgrader. Sm\u00e5skaliga vindkraftverk kan vara ett komplement beroende p\u00e5 var fabriken \u00e4r bel\u00e4gen och hur stor den \u00e4r.<\/p><p><strong>M\u00e5ste ta ansvar f\u00f6r sin egen elf\u00f6rs\u00f6rjning<\/strong><\/p><p>F\u00f6retag m\u00e5ste b\u00f6rja se tillg\u00e5ng till elenergi som en nyckelkomponent f\u00f6r l\u00f6nsamhet och expansion. Precis p\u00e5 samma s\u00e4tt som att pappers- och skogsbolag \u00e4ger skog, avverkar den och sedan \u00e5terplanterar den m\u00e5ste industrif\u00f6retagen ta ansvar f\u00f6r sin egen elf\u00f6rs\u00f6rjning. F\u00f6rbrukar du mycket energi m\u00e5ste du ocks\u00e5 producera mycket energi. Enbart d\u00e5 kan f\u00f6retagen ta makten \u00f6ver sin egen framtid.<\/p><p>P\u00e5 en avreglerad elmarknad kommer privata hush\u00e5ll och de mest l\u00f6nsamma f\u00f6retagen vara de som har r\u00e5d att betala h\u00f6ga elpriser. De f\u00f6retagen kanske inte finns i tillverkningsindustrin och kanske inte ens i Sverige. Vill vi verkligen f\u00f6rlora ryggraden i svenskt n\u00e4ringsliv, \u201dnormalt\u201d l\u00f6nsamma mindre och medelstora f\u00f6retag samt lantbruk?<\/p><p>F\u00f6retagen kommer att etablera sig d\u00e4r de kan f\u00e5 tillg\u00e5ng till billig el eller d\u00e4r de sj\u00e4lva kan producera billig el. Vi ser redan detta nya t\u00e4nk runt om i Europa, bl a p\u00e5 den iberiska halv\u00f6n d\u00e4r byggen av st\u00e5lverk planeras eftersom d\u00e4r finns m\u00f6jligheter till utbyggnad av storskalig solkraft. F\u00f6r att s\u00e4kra l\u00f6nsamhet, klimatm\u00e5l och framtida expansion m\u00e5ste privata f\u00f6retag investera i sin egen elf\u00f6rs\u00f6rjning. F\u00f6r samh\u00e4llet st\u00e5r arbetstillf\u00e4llen och skatteint\u00e4kter p\u00e5 spel.<\/p><p><strong>Solcellstak blir en sj\u00e4lvklarhet<\/strong><\/p><p>Ett tak ska numera inte bara skydda fr\u00e5n regn och sn\u00f6 utan \u00e4ven f\u00f6rse byggnaden med en stor del av den elektricitet som beh\u00f6vs f\u00f6r verksamheten. Det kommer att bli en sj\u00e4lvklarhet f\u00f6r alla fastighets\u00e4gare. Staten m\u00e5ste dra sitt str\u00e5 till stacken genom avreglerade marknader, ett minimum av byr\u00e5krati f\u00f6r nya energik\u00e4llor, samt g\u00e4rna subventioner och tvingande krav p\u00e5 att nya fastigheter ska ha solcellstak. Detta skulle ge v\u00e5rt n\u00e4ringsliv den vinnande strategi som beh\u00f6vs f\u00f6r framg\u00e5ng i en ny fossilfri v\u00e4rld. Eran med billig fossil energi \u00e4r \u00f6ver.<\/p><p><strong>Sven Lindstr\u00f6m<\/strong><br\/><strong>VD f\u00f6r solenergif\u00f6retaget Midsummer<\/strong><\/p><\/div>\n<div class=\"mfn-footer mfn-attachment mfn-attachment-image\"><p><strong class=\"mfn-heading-1\">Bifogade bilder<\/strong><\/p><hr\/><p><a href=\"https:\/\/storage.mfn.se\/2d366654-0bc4-4982-b3af-5f71e6316bc2\/sven-lindstrom-vd-midsummer.jpeg\" target=\"_blank\" rel=\"nofollow noopener\">Sven Lindstr\u00f6m, VD, Midsummer<\/a><\/p><\/div>\n<div class=\"mfn-footer mfn-attachment mfn-attachment-general\"><p><strong class=\"mfn-heading-1\">Bifogade filer<\/strong><\/p><hr\/><p><a class=\"mfn-generated mfn-primary\" href=\"https:\/\/storage.mfn.se\/c91dfac5-beb4-48ad-ba28-006a4b41240a\/midsummers-vd-kommenterar-industriell-hallbarhet-och-uthallighet-kraver-egen-elproduktion.pdf\" target=\"_blank\" rel=\"nofollow noopener\">Midsummers VD kommenterar: &#34;Industriell h\u00e5llbarhet och uth\u00e5llighet kr\u00e4ver egen elproduktion&#34;<\/a><\/p><\/div>","protected":false},"excerpt":{"rendered":"<p>Under en period med starkt stigande elpriser och larmrapporter om brist p\u00e5 energi och \u00f6verf\u00f6ringskapacitet v\u00e4xer insikten l\u00e5ngsamt fram i svenskt<span class=\"more\">&#8230;<\/span><\/p>\n","protected":false},"template":"","class_list":["post-23102","mfn_news","type-mfn_news","status-publish","hentry","mfn-news-tag-mfn_sv","mfn-news-tag-mfn-type-pr_sv","mfn-news-tag-mfn-lang-sv_sv"],"acf":[],"yoast_head":"<!-- This site is optimized with the Yoast SEO plugin v27.5 - https:\/\/yoast.com\/product\/yoast-seo-wordpress\/ -->\n<title>Midsummers VD kommenterar: &quot;Industriell h\u00e5llbarhet och uth\u00e5llighet kr\u00e4ver egen elproduktion&quot; - Midsummer<\/title>\n<meta name=\"robots\" content=\"index, follow, max-snippet:-1, max-image-preview:large, max-video-preview:-1\" \/>\n<link rel=\"canonical\" href=\"https:\/\/midsummer.se\/it\/mfn_news\/midsummers-vd-kommenterar-industriell-hallbarhet-och-uthallighet-kraver-egen-elproduktion\/\" \/>\n<meta property=\"og:locale\" content=\"it_IT\" \/>\n<meta property=\"og:type\" content=\"article\" \/>\n<meta property=\"og:title\" content=\"Midsummers VD kommenterar: &quot;Industriell h\u00e5llbarhet och uth\u00e5llighet kr\u00e4ver egen elproduktion&quot; - Midsummer\" \/>\n<meta property=\"og:description\" content=\"Under en period med starkt stigande elpriser och larmrapporter om brist p\u00e5 energi och \u00f6verf\u00f6ringskapacitet v\u00e4xer insikten l\u00e5ngsamt fram i svenskt...\" \/>\n<meta property=\"og:url\" content=\"https:\/\/midsummer.se\/it\/mfn_news\/midsummers-vd-kommenterar-industriell-hallbarhet-och-uthallighet-kraver-egen-elproduktion\/\" \/>\n<meta property=\"og:site_name\" content=\"Midsummer\" \/>\n<meta property=\"article:modified_time\" content=\"2023-10-27T06:09:25+00:00\" \/>\n<meta property=\"og:image\" content=\"https:\/\/midsummer.se\/wp-content\/uploads\/2024\/02\/2.png\" \/>\n\t<meta property=\"og:image:width\" content=\"1920\" \/>\n\t<meta property=\"og:image:height\" content=\"1280\" \/>\n\t<meta property=\"og:image:type\" content=\"image\/png\" \/>\n<meta name=\"twitter:card\" content=\"summary_large_image\" \/>\n<meta name=\"twitter:label1\" content=\"Tempo di lettura stimato\" \/>\n\t<meta name=\"twitter:data1\" content=\"4 minuti\" \/>\n<script type=\"application\/ld+json\" class=\"yoast-schema-graph\">{\"@context\":\"https:\\\/\\\/schema.org\",\"@graph\":[{\"@type\":\"WebPage\",\"@id\":\"https:\\\/\\\/midsummer.se\\\/it\\\/mfn_news\\\/midsummers-vd-kommenterar-industriell-hallbarhet-och-uthallighet-kraver-egen-elproduktion\\\/\",\"url\":\"https:\\\/\\\/midsummer.se\\\/it\\\/mfn_news\\\/midsummers-vd-kommenterar-industriell-hallbarhet-och-uthallighet-kraver-egen-elproduktion\\\/\",\"name\":\"Midsummers VD kommenterar: \\\"Industriell h\u00e5llbarhet och uth\u00e5llighet kr\u00e4ver egen elproduktion\\\" - Midsummer\",\"isPartOf\":{\"@id\":\"https:\\\/\\\/midsummer.se\\\/it\\\/#website\"},\"datePublished\":\"2022-03-04T09:30:00+00:00\",\"dateModified\":\"2023-10-27T06:09:25+00:00\",\"breadcrumb\":{\"@id\":\"https:\\\/\\\/midsummer.se\\\/it\\\/mfn_news\\\/midsummers-vd-kommenterar-industriell-hallbarhet-och-uthallighet-kraver-egen-elproduktion\\\/#breadcrumb\"},\"inLanguage\":\"it-IT\",\"potentialAction\":[{\"@type\":\"ReadAction\",\"target\":[\"https:\\\/\\\/midsummer.se\\\/it\\\/mfn_news\\\/midsummers-vd-kommenterar-industriell-hallbarhet-och-uthallighet-kraver-egen-elproduktion\\\/\"]}]},{\"@type\":\"BreadcrumbList\",\"@id\":\"https:\\\/\\\/midsummer.se\\\/it\\\/mfn_news\\\/midsummers-vd-kommenterar-industriell-hallbarhet-och-uthallighet-kraver-egen-elproduktion\\\/#breadcrumb\",\"itemListElement\":[{\"@type\":\"ListItem\",\"position\":1,\"name\":\"Hem\",\"item\":\"https:\\\/\\\/midsummer.se\\\/it\\\/\"},{\"@type\":\"ListItem\",\"position\":2,\"name\":\"MFN News Items\",\"item\":\"https:\\\/\\\/midsummer.se\\\/it\\\/mfn_news\\\/\"},{\"@type\":\"ListItem\",\"position\":3,\"name\":\"Midsummers VD kommenterar: &#8220;Industriell h\u00e5llbarhet och uth\u00e5llighet kr\u00e4ver egen elproduktion&#8221;\"}]},{\"@type\":\"WebSite\",\"@id\":\"https:\\\/\\\/midsummer.se\\\/it\\\/#website\",\"url\":\"https:\\\/\\\/midsummer.se\\\/it\\\/\",\"name\":\"Midsummer\",\"description\":\"\",\"publisher\":{\"@id\":\"https:\\\/\\\/midsummer.se\\\/it\\\/#organization\"},\"potentialAction\":[{\"@type\":\"SearchAction\",\"target\":{\"@type\":\"EntryPoint\",\"urlTemplate\":\"https:\\\/\\\/midsummer.se\\\/it\\\/?s={search_term_string}\"},\"query-input\":{\"@type\":\"PropertyValueSpecification\",\"valueRequired\":true,\"valueName\":\"search_term_string\"}}],\"inLanguage\":\"it-IT\"},{\"@type\":\"Organization\",\"@id\":\"https:\\\/\\\/midsummer.se\\\/it\\\/#organization\",\"name\":\"Midsummer\",\"url\":\"https:\\\/\\\/midsummer.se\\\/it\\\/\",\"logo\":{\"@type\":\"ImageObject\",\"inLanguage\":\"it-IT\",\"@id\":\"https:\\\/\\\/midsummer.se\\\/it\\\/#\\\/schema\\\/logo\\\/image\\\/\",\"url\":\"https:\\\/\\\/midsummer.se\\\/wp-content\\\/uploads\\\/2020\\\/02\\\/MidSumLogo.svg\",\"contentUrl\":\"https:\\\/\\\/midsummer.se\\\/wp-content\\\/uploads\\\/2020\\\/02\\\/MidSumLogo.svg\",\"width\":335,\"height\":96,\"caption\":\"Midsummer\"},\"image\":{\"@id\":\"https:\\\/\\\/midsummer.se\\\/it\\\/#\\\/schema\\\/logo\\\/image\\\/\"}}]}<\/script>\n<!-- \/ Yoast SEO plugin. -->","yoast_head_json":{"title":"Midsummers VD kommenterar: \"Industriell h\u00e5llbarhet och uth\u00e5llighet kr\u00e4ver egen elproduktion\" - Midsummer","robots":{"index":"index","follow":"follow","max-snippet":"max-snippet:-1","max-image-preview":"max-image-preview:large","max-video-preview":"max-video-preview:-1"},"canonical":"https:\/\/midsummer.se\/it\/mfn_news\/midsummers-vd-kommenterar-industriell-hallbarhet-och-uthallighet-kraver-egen-elproduktion\/","og_locale":"it_IT","og_type":"article","og_title":"Midsummers VD kommenterar: \"Industriell h\u00e5llbarhet och uth\u00e5llighet kr\u00e4ver egen elproduktion\" - Midsummer","og_description":"Under en period med starkt stigande elpriser och larmrapporter om brist p\u00e5 energi och \u00f6verf\u00f6ringskapacitet v\u00e4xer insikten l\u00e5ngsamt fram i svenskt...","og_url":"https:\/\/midsummer.se\/it\/mfn_news\/midsummers-vd-kommenterar-industriell-hallbarhet-och-uthallighet-kraver-egen-elproduktion\/","og_site_name":"Midsummer","article_modified_time":"2023-10-27T06:09:25+00:00","og_image":[{"width":1920,"height":1280,"url":"https:\/\/midsummer.se\/wp-content\/uploads\/2024\/02\/2.png","type":"image\/png"}],"twitter_card":"summary_large_image","twitter_misc":{"Tempo di lettura stimato":"4 minuti"},"schema":{"@context":"https:\/\/schema.org","@graph":[{"@type":"WebPage","@id":"https:\/\/midsummer.se\/it\/mfn_news\/midsummers-vd-kommenterar-industriell-hallbarhet-och-uthallighet-kraver-egen-elproduktion\/","url":"https:\/\/midsummer.se\/it\/mfn_news\/midsummers-vd-kommenterar-industriell-hallbarhet-och-uthallighet-kraver-egen-elproduktion\/","name":"Midsummers VD kommenterar: \"Industriell h\u00e5llbarhet och uth\u00e5llighet kr\u00e4ver egen elproduktion\" - Midsummer","isPartOf":{"@id":"https:\/\/midsummer.se\/it\/#website"},"datePublished":"2022-03-04T09:30:00+00:00","dateModified":"2023-10-27T06:09:25+00:00","breadcrumb":{"@id":"https:\/\/midsummer.se\/it\/mfn_news\/midsummers-vd-kommenterar-industriell-hallbarhet-och-uthallighet-kraver-egen-elproduktion\/#breadcrumb"},"inLanguage":"it-IT","potentialAction":[{"@type":"ReadAction","target":["https:\/\/midsummer.se\/it\/mfn_news\/midsummers-vd-kommenterar-industriell-hallbarhet-och-uthallighet-kraver-egen-elproduktion\/"]}]},{"@type":"BreadcrumbList","@id":"https:\/\/midsummer.se\/it\/mfn_news\/midsummers-vd-kommenterar-industriell-hallbarhet-och-uthallighet-kraver-egen-elproduktion\/#breadcrumb","itemListElement":[{"@type":"ListItem","position":1,"name":"Hem","item":"https:\/\/midsummer.se\/it\/"},{"@type":"ListItem","position":2,"name":"MFN News Items","item":"https:\/\/midsummer.se\/it\/mfn_news\/"},{"@type":"ListItem","position":3,"name":"Midsummers VD kommenterar: &#8220;Industriell h\u00e5llbarhet och uth\u00e5llighet kr\u00e4ver egen elproduktion&#8221;"}]},{"@type":"WebSite","@id":"https:\/\/midsummer.se\/it\/#website","url":"https:\/\/midsummer.se\/it\/","name":"Midsummer","description":"","publisher":{"@id":"https:\/\/midsummer.se\/it\/#organization"},"potentialAction":[{"@type":"SearchAction","target":{"@type":"EntryPoint","urlTemplate":"https:\/\/midsummer.se\/it\/?s={search_term_string}"},"query-input":{"@type":"PropertyValueSpecification","valueRequired":true,"valueName":"search_term_string"}}],"inLanguage":"it-IT"},{"@type":"Organization","@id":"https:\/\/midsummer.se\/it\/#organization","name":"Midsummer","url":"https:\/\/midsummer.se\/it\/","logo":{"@type":"ImageObject","inLanguage":"it-IT","@id":"https:\/\/midsummer.se\/it\/#\/schema\/logo\/image\/","url":"https:\/\/midsummer.se\/wp-content\/uploads\/2020\/02\/MidSumLogo.svg","contentUrl":"https:\/\/midsummer.se\/wp-content\/uploads\/2020\/02\/MidSumLogo.svg","width":335,"height":96,"caption":"Midsummer"},"image":{"@id":"https:\/\/midsummer.se\/it\/#\/schema\/logo\/image\/"}}]}},"_links":{"self":[{"href":"https:\/\/midsummer.se\/it\/wp-json\/wp\/v2\/mfn_news\/23102","targetHints":{"allow":["GET"]}}],"collection":[{"href":"https:\/\/midsummer.se\/it\/wp-json\/wp\/v2\/mfn_news"}],"about":[{"href":"https:\/\/midsummer.se\/it\/wp-json\/wp\/v2\/types\/mfn_news"}],"wp:attachment":[{"href":"https:\/\/midsummer.se\/it\/wp-json\/wp\/v2\/media?parent=23102"}],"curies":[{"name":"wp","href":"https:\/\/api.w.org\/{rel}","templated":true}]}}