{"id":15428,"date":"2018-10-15T08:51:00","date_gmt":"2018-10-15T06:51:00","guid":{"rendered":"http:\/\/develope.midsummersolarroofs.se\/mfn_news\/midsummer-ab-tidigarelagger-offentliggorandet-av-delarsrapport-for-tredje-kvartalet-till-den-15-november\/"},"modified":"2023-10-27T08:10:01","modified_gmt":"2023-10-27T06:10:01","slug":"midsummer-ab-tidigarelagger-offentliggorandet-av-delarsrapport-for-tredje-kvartalet-till-den-15-november","status":"publish","type":"mfn_news","link":"https:\/\/midsummer.se\/it\/mfn_news\/midsummer-ab-tidigarelagger-offentliggorandet-av-delarsrapport-for-tredje-kvartalet-till-den-15-november\/","title":{"rendered":"Midsummer AB tidigarel\u00e4gger offentligg\u00f6randet av del\u00e5rsrapport f\u00f6r tredje kvartalet till den 15 november"},"content":{"rendered":"<div class=\"mfn-preamble\"><strong>Solenergif\u00f6retaget\u00a0Midsummer\u00a0(http:\/\/www.midsummer.se\/)\u00a0AB (publ) meddelar idag att bolaget kommer att tidigarel\u00e4gga offentligg\u00f6randet av del\u00e5rsrapporten f\u00f6r Q3 2018 till torsdagen den 15 november ist\u00e4llet f\u00f6r fredagen den 16 november som tidigare kommunicerats.<\/strong><\/div><p><span><span>Midsummer AB har beslutat att tidigarel\u00e4gga offentligg\u00f6randet av sin del\u00e5rsrapport f\u00f6r Q3 2018 fr\u00e5n fredagen den 16 november 2018 till torsdagen den 15 november 2018. Anledningen till tidigarel\u00e4ggningen av offentligg\u00f6randet \u00e4r att bolaget \u00f6nskar presentera del\u00e5rsrapporten p\u00e5 G&amp;W Sm\u00e5bolagsfrukost som h\u00e5lls torsdagen den 15 november p\u00e5 IVA Konferenscenter, Grev Turegatan 16, Stockholm, 8.30-11.30. Midsummers presentation av del\u00e5rsrapporten sker mellan kl. 10.15 &#8211; 10.45.<\/span><\/span><\/p>\n\n<p><span><span>Anm\u00e4lan till G&amp;W Sm\u00e5bolagsfrukost:\u00a0<a href=\"https:\/\/financialhearings.com\/\" rel=\"nofollow\">https:\/\/financialhearings.com<\/a><\/span><\/span><\/p>\n\n<p><span><span>Midsummers del\u00e5rsrapport f\u00f6r det tredje kvartalet 2018 kommer att i sin helhet finnas att l\u00e4sa p\u00e5 Midsummers IR-sida under\u00a0<a href=\"http:\/\/midsummer.se\/ir\/finansiella-rapporter\" rel=\"nofollow\">Finansiella rapporter<\/a>\u00a0n\u00e4r den offentligg\u00f6rs den 15 november kl. 08.00.<\/span><\/span><\/p>\n\n<p><strong><span><span>F\u00f6r bilder, v\u00e4nligen bes\u00f6k:<\/span><\/span><\/strong>\u00a0<a href=\"http:\/\/midsummer.se\/press\/media-gallery\" rel=\"nofollow\"><span><span>http:\/\/midsummer.se\/press\/media-gallery<\/span><\/span><\/a><\/p>\n\n<p><span><span>15 oktober 2018<\/span><\/span><\/p>\n\n<p><span><span><em><strong><span><span>F\u00f6r ytterligare information v\u00e4nligen kontakta:<\/span><\/span><\/strong><\/em><br\/>\nSven Lindstr\u00f6m<br\/>\nVD, Midsummer<br\/>\nEpost:\u00a0<a href=\"mailto:sven.lindstrom@midsummer.se\" rel=\"nofollow\">sven.lindstrom@midsummer.se<\/a><br\/>\nTelefon: +46-8-525 09 610<\/span><\/span><\/p>\n\n<p><span><span><strong><span><span>Om Midsummer<\/span><\/span><\/strong><br\/>\nMidsummer \u00e4r en ledande utvecklare och leverant\u00f6r av avancerade l\u00f6sningar inom solenergi f\u00f6r produktion och installation av tunnfilmssolceller. F\u00f6retagets erbjudande inkluderar utrustning f\u00f6r kostnadseffektiv tillverkning av tunnfilmssolceller samt byggintegrerade solceller (BIPV) f\u00f6r till\u00e4mpning av tunnfilmssolceller p\u00e5 byggnader (integrerade i tak, fasader mm).<\/span><\/span><\/p>\n\n<p><span><span>Midsummers tunnfilmssolceller \u00e4r l\u00e4tta, flexibla, t\u00e5liga och mycket effektiva, och \u00e4r d\u00e4rf\u00f6r idealiska f\u00f6r integrering i byggnadsmaterial. Midsummers patenterade teknik bygger p\u00e5 en snabb process f\u00f6r produktion av flexibla tunnfilmssolceller med sputtering av alla lager i solcellen. Bolagets aktie (MIDS) \u00e4r f\u00f6rem\u00e5l f\u00f6r handel p\u00e5 Nasdaq First North Stockholm med G&amp;W Fondkommission som Certified Adviser. F\u00f6r mer information, v\u00e4nligen bes\u00f6k:\u00a0<a href=\"http:\/\/www.midsummer.se\/\" rel=\"nofollow\">www.midsummer.se<\/a><\/span><\/span><\/p><div class=\"mfn-footer\"><\/div>","protected":false},"excerpt":{"rendered":"<p>Solenergif\u00f6retaget\u00a0Midsummer\u00a0(http:\/\/www.midsummer.se\/)\u00a0AB (publ) meddelar idag att bolaget kommer att tidigarel\u00e4gga offentligg\u00f6randet av del\u00e5rsrapporten f\u00f6r Q3 2018 till torsdagen den 15 november ist\u00e4llet<span class=\"more\">&#8230;<\/span><\/p>\n","protected":false},"template":"","class_list":["post-15428","mfn_news","type-mfn_news","status-publish","hentry","mfn-news-tag-mfn-ci_sv","mfn-news-tag-mfn-ci-calendar_sv","mfn-news-tag-mfn-type-ir_sv","mfn-news-tag-mfn_sv","mfn-news-tag-mfn-lang-sv_sv"],"acf":[],"yoast_head":"<!-- This site is optimized with the Yoast SEO plugin v27.5 - https:\/\/yoast.com\/product\/yoast-seo-wordpress\/ -->\n<title>Midsummer AB tidigarel\u00e4gger offentligg\u00f6randet av del\u00e5rsrapport f\u00f6r tredje kvartalet till den 15 november - Midsummer<\/title>\n<meta name=\"robots\" content=\"index, follow, max-snippet:-1, max-image-preview:large, max-video-preview:-1\" \/>\n<link rel=\"canonical\" href=\"https:\/\/midsummer.se\/it\/mfn_news\/midsummer-ab-tidigarelagger-offentliggorandet-av-delarsrapport-for-tredje-kvartalet-till-den-15-november\/\" \/>\n<meta property=\"og:locale\" content=\"it_IT\" \/>\n<meta property=\"og:type\" content=\"article\" \/>\n<meta property=\"og:title\" content=\"Midsummer AB tidigarel\u00e4gger offentligg\u00f6randet av del\u00e5rsrapport f\u00f6r tredje kvartalet till den 15 november - Midsummer\" \/>\n<meta property=\"og:description\" content=\"Solenergif\u00f6retaget\u00a0Midsummer\u00a0(http:\/\/www.midsummer.se\/)\u00a0AB (publ) meddelar idag att bolaget kommer att tidigarel\u00e4gga offentligg\u00f6randet av del\u00e5rsrapporten f\u00f6r Q3 2018 till torsdagen den 15 november ist\u00e4llet...\" \/>\n<meta property=\"og:url\" content=\"https:\/\/midsummer.se\/it\/mfn_news\/midsummer-ab-tidigarelagger-offentliggorandet-av-delarsrapport-for-tredje-kvartalet-till-den-15-november\/\" \/>\n<meta property=\"og:site_name\" content=\"Midsummer\" \/>\n<meta property=\"article:modified_time\" content=\"2023-10-27T06:10:01+00:00\" \/>\n<meta property=\"og:image\" content=\"https:\/\/midsummer.se\/wp-content\/uploads\/2024\/02\/2.png\" \/>\n\t<meta property=\"og:image:width\" content=\"1920\" \/>\n\t<meta property=\"og:image:height\" content=\"1280\" \/>\n\t<meta property=\"og:image:type\" content=\"image\/png\" \/>\n<meta name=\"twitter:card\" content=\"summary_large_image\" \/>\n<meta name=\"twitter:label1\" content=\"Tempo di lettura stimato\" \/>\n\t<meta name=\"twitter:data1\" content=\"2 minuti\" \/>\n<script type=\"application\/ld+json\" class=\"yoast-schema-graph\">{\"@context\":\"https:\\\/\\\/schema.org\",\"@graph\":[{\"@type\":\"WebPage\",\"@id\":\"https:\\\/\\\/midsummer.se\\\/it\\\/mfn_news\\\/midsummer-ab-tidigarelagger-offentliggorandet-av-delarsrapport-for-tredje-kvartalet-till-den-15-november\\\/\",\"url\":\"https:\\\/\\\/midsummer.se\\\/it\\\/mfn_news\\\/midsummer-ab-tidigarelagger-offentliggorandet-av-delarsrapport-for-tredje-kvartalet-till-den-15-november\\\/\",\"name\":\"Midsummer AB tidigarel\u00e4gger offentligg\u00f6randet av del\u00e5rsrapport f\u00f6r tredje kvartalet till den 15 november - Midsummer\",\"isPartOf\":{\"@id\":\"https:\\\/\\\/midsummer.se\\\/it\\\/#website\"},\"datePublished\":\"2018-10-15T06:51:00+00:00\",\"dateModified\":\"2023-10-27T06:10:01+00:00\",\"breadcrumb\":{\"@id\":\"https:\\\/\\\/midsummer.se\\\/it\\\/mfn_news\\\/midsummer-ab-tidigarelagger-offentliggorandet-av-delarsrapport-for-tredje-kvartalet-till-den-15-november\\\/#breadcrumb\"},\"inLanguage\":\"it-IT\",\"potentialAction\":[{\"@type\":\"ReadAction\",\"target\":[\"https:\\\/\\\/midsummer.se\\\/it\\\/mfn_news\\\/midsummer-ab-tidigarelagger-offentliggorandet-av-delarsrapport-for-tredje-kvartalet-till-den-15-november\\\/\"]}]},{\"@type\":\"BreadcrumbList\",\"@id\":\"https:\\\/\\\/midsummer.se\\\/it\\\/mfn_news\\\/midsummer-ab-tidigarelagger-offentliggorandet-av-delarsrapport-for-tredje-kvartalet-till-den-15-november\\\/#breadcrumb\",\"itemListElement\":[{\"@type\":\"ListItem\",\"position\":1,\"name\":\"Hem\",\"item\":\"https:\\\/\\\/midsummer.se\\\/it\\\/\"},{\"@type\":\"ListItem\",\"position\":2,\"name\":\"MFN News Items\",\"item\":\"https:\\\/\\\/midsummer.se\\\/it\\\/mfn_news\\\/\"},{\"@type\":\"ListItem\",\"position\":3,\"name\":\"Midsummer AB tidigarel\u00e4gger offentligg\u00f6randet av del\u00e5rsrapport f\u00f6r tredje kvartalet till den 15 november\"}]},{\"@type\":\"WebSite\",\"@id\":\"https:\\\/\\\/midsummer.se\\\/it\\\/#website\",\"url\":\"https:\\\/\\\/midsummer.se\\\/it\\\/\",\"name\":\"Midsummer\",\"description\":\"\",\"publisher\":{\"@id\":\"https:\\\/\\\/midsummer.se\\\/it\\\/#organization\"},\"potentialAction\":[{\"@type\":\"SearchAction\",\"target\":{\"@type\":\"EntryPoint\",\"urlTemplate\":\"https:\\\/\\\/midsummer.se\\\/it\\\/?s={search_term_string}\"},\"query-input\":{\"@type\":\"PropertyValueSpecification\",\"valueRequired\":true,\"valueName\":\"search_term_string\"}}],\"inLanguage\":\"it-IT\"},{\"@type\":\"Organization\",\"@id\":\"https:\\\/\\\/midsummer.se\\\/it\\\/#organization\",\"name\":\"Midsummer\",\"url\":\"https:\\\/\\\/midsummer.se\\\/it\\\/\",\"logo\":{\"@type\":\"ImageObject\",\"inLanguage\":\"it-IT\",\"@id\":\"https:\\\/\\\/midsummer.se\\\/it\\\/#\\\/schema\\\/logo\\\/image\\\/\",\"url\":\"https:\\\/\\\/midsummer.se\\\/wp-content\\\/uploads\\\/2020\\\/02\\\/MidSumLogo.svg\",\"contentUrl\":\"https:\\\/\\\/midsummer.se\\\/wp-content\\\/uploads\\\/2020\\\/02\\\/MidSumLogo.svg\",\"width\":335,\"height\":96,\"caption\":\"Midsummer\"},\"image\":{\"@id\":\"https:\\\/\\\/midsummer.se\\\/it\\\/#\\\/schema\\\/logo\\\/image\\\/\"}}]}<\/script>\n<!-- \/ Yoast SEO plugin. -->","yoast_head_json":{"title":"Midsummer AB tidigarel\u00e4gger offentligg\u00f6randet av del\u00e5rsrapport f\u00f6r tredje kvartalet till den 15 november - Midsummer","robots":{"index":"index","follow":"follow","max-snippet":"max-snippet:-1","max-image-preview":"max-image-preview:large","max-video-preview":"max-video-preview:-1"},"canonical":"https:\/\/midsummer.se\/it\/mfn_news\/midsummer-ab-tidigarelagger-offentliggorandet-av-delarsrapport-for-tredje-kvartalet-till-den-15-november\/","og_locale":"it_IT","og_type":"article","og_title":"Midsummer AB tidigarel\u00e4gger offentligg\u00f6randet av del\u00e5rsrapport f\u00f6r tredje kvartalet till den 15 november - Midsummer","og_description":"Solenergif\u00f6retaget\u00a0Midsummer\u00a0(http:\/\/www.midsummer.se\/)\u00a0AB (publ) meddelar idag att bolaget kommer att tidigarel\u00e4gga offentligg\u00f6randet av del\u00e5rsrapporten f\u00f6r Q3 2018 till torsdagen den 15 november ist\u00e4llet...","og_url":"https:\/\/midsummer.se\/it\/mfn_news\/midsummer-ab-tidigarelagger-offentliggorandet-av-delarsrapport-for-tredje-kvartalet-till-den-15-november\/","og_site_name":"Midsummer","article_modified_time":"2023-10-27T06:10:01+00:00","og_image":[{"width":1920,"height":1280,"url":"https:\/\/midsummer.se\/wp-content\/uploads\/2024\/02\/2.png","type":"image\/png"}],"twitter_card":"summary_large_image","twitter_misc":{"Tempo di lettura stimato":"2 minuti"},"schema":{"@context":"https:\/\/schema.org","@graph":[{"@type":"WebPage","@id":"https:\/\/midsummer.se\/it\/mfn_news\/midsummer-ab-tidigarelagger-offentliggorandet-av-delarsrapport-for-tredje-kvartalet-till-den-15-november\/","url":"https:\/\/midsummer.se\/it\/mfn_news\/midsummer-ab-tidigarelagger-offentliggorandet-av-delarsrapport-for-tredje-kvartalet-till-den-15-november\/","name":"Midsummer AB tidigarel\u00e4gger offentligg\u00f6randet av del\u00e5rsrapport f\u00f6r tredje kvartalet till den 15 november - Midsummer","isPartOf":{"@id":"https:\/\/midsummer.se\/it\/#website"},"datePublished":"2018-10-15T06:51:00+00:00","dateModified":"2023-10-27T06:10:01+00:00","breadcrumb":{"@id":"https:\/\/midsummer.se\/it\/mfn_news\/midsummer-ab-tidigarelagger-offentliggorandet-av-delarsrapport-for-tredje-kvartalet-till-den-15-november\/#breadcrumb"},"inLanguage":"it-IT","potentialAction":[{"@type":"ReadAction","target":["https:\/\/midsummer.se\/it\/mfn_news\/midsummer-ab-tidigarelagger-offentliggorandet-av-delarsrapport-for-tredje-kvartalet-till-den-15-november\/"]}]},{"@type":"BreadcrumbList","@id":"https:\/\/midsummer.se\/it\/mfn_news\/midsummer-ab-tidigarelagger-offentliggorandet-av-delarsrapport-for-tredje-kvartalet-till-den-15-november\/#breadcrumb","itemListElement":[{"@type":"ListItem","position":1,"name":"Hem","item":"https:\/\/midsummer.se\/it\/"},{"@type":"ListItem","position":2,"name":"MFN News Items","item":"https:\/\/midsummer.se\/it\/mfn_news\/"},{"@type":"ListItem","position":3,"name":"Midsummer AB tidigarel\u00e4gger offentligg\u00f6randet av del\u00e5rsrapport f\u00f6r tredje kvartalet till den 15 november"}]},{"@type":"WebSite","@id":"https:\/\/midsummer.se\/it\/#website","url":"https:\/\/midsummer.se\/it\/","name":"Midsummer","description":"","publisher":{"@id":"https:\/\/midsummer.se\/it\/#organization"},"potentialAction":[{"@type":"SearchAction","target":{"@type":"EntryPoint","urlTemplate":"https:\/\/midsummer.se\/it\/?s={search_term_string}"},"query-input":{"@type":"PropertyValueSpecification","valueRequired":true,"valueName":"search_term_string"}}],"inLanguage":"it-IT"},{"@type":"Organization","@id":"https:\/\/midsummer.se\/it\/#organization","name":"Midsummer","url":"https:\/\/midsummer.se\/it\/","logo":{"@type":"ImageObject","inLanguage":"it-IT","@id":"https:\/\/midsummer.se\/it\/#\/schema\/logo\/image\/","url":"https:\/\/midsummer.se\/wp-content\/uploads\/2020\/02\/MidSumLogo.svg","contentUrl":"https:\/\/midsummer.se\/wp-content\/uploads\/2020\/02\/MidSumLogo.svg","width":335,"height":96,"caption":"Midsummer"},"image":{"@id":"https:\/\/midsummer.se\/it\/#\/schema\/logo\/image\/"}}]}},"_links":{"self":[{"href":"https:\/\/midsummer.se\/it\/wp-json\/wp\/v2\/mfn_news\/15428","targetHints":{"allow":["GET"]}}],"collection":[{"href":"https:\/\/midsummer.se\/it\/wp-json\/wp\/v2\/mfn_news"}],"about":[{"href":"https:\/\/midsummer.se\/it\/wp-json\/wp\/v2\/types\/mfn_news"}],"wp:attachment":[{"href":"https:\/\/midsummer.se\/it\/wp-json\/wp\/v2\/media?parent=15428"}],"curies":[{"name":"wp","href":"https:\/\/api.w.org\/{rel}","templated":true}]}}