{"id":15387,"date":"2020-03-02T08:30:00","date_gmt":"2020-03-02T07:30:00","guid":{"rendered":"http:\/\/develope.midsummersolarroofs.se\/mfn_news\/midsummer-anstaller-business-development-manager-med-fokus-pa-europeiska-marknaden\/"},"modified":"2023-10-27T08:09:48","modified_gmt":"2023-10-27T06:09:48","slug":"midsummer-anstaller-business-development-manager-med-fokus-pa-europeiska-marknaden","status":"publish","type":"mfn_news","link":"https:\/\/midsummer.se\/it\/mfn_news\/midsummer-anstaller-business-development-manager-med-fokus-pa-europeiska-marknaden\/","title":{"rendered":"Midsummer anst\u00e4ller Business Development Manager med fokus p\u00e5 europeiska marknaden"},"content":{"rendered":"<div class=\"mfn-preamble\"><strong>Solenergif\u00f6retaget Midsummer v\u00e4xlar upp arbetet med aff\u00e4rsutveckling och anst\u00e4ller Jarno Montella som Business Development Manager med fokus p\u00e5 Europeisk tillv\u00e4xt. Jarno kommer senast fr\u00e5n rollen som verkst\u00e4llande direkt\u00f6r p\u00e5 Hanergys Italienska dotterbolag.<\/strong><\/div><p><span><span>Midsummers innovativa l\u00f6sningar f\u00f6r tillverkning av tunna flexibla solceller samt de vackra byggnadsintegrerade solpanelerna Slim, Bold och Wave v\u00e4cker stort intresse hos b\u00e5de f\u00f6retagskunder som vill s\u00e4tta upp produktion och privatkunder som vill skaffa marknadens vackraste solpanelstak. Samtidigt ser man stora m\u00f6jligheter f\u00f6r utveckling av marknaden i Europa.<br\/>\n<br\/>\n&#8211; Tack vare v\u00e5rt h\u00e5rda arbete med produktutveckling som givit b\u00e5de \u00f6kad effekt, enklare installation och snyggare design har Midsummer sett en imponerande tillv\u00e4xt p\u00e5 1780% de senaste fem \u00e5ren. Nu tar vi n\u00e4sta steg och siktar \u00e4n tydligare p\u00e5 den Europeiska marknaden. Jarno Montella har v\u00e4rdefulla erfarenheter fr\u00e5n b\u00e5de solenergi- och finansbranschen samt ett gott rykte och ett stort n\u00e4tverk och vi \u00e4r mycket glada \u00f6ver att nu honom i v\u00e5rt team, s\u00e4ger Sven Lindstr\u00f6m, VD, Midsummer.<br\/>\n<br\/>\nJarno Montella har l\u00e5ng erfarenhet inom solenergisektorn med flera betydande roller inom f\u00f6retagen Hanergy och Secular Energy. Han har bland annat drivit flertalet aff\u00e4rsutvecklingsprojekt i Europa, Mellan\u00f6stern och Afrika. Senast kommer han fr\u00e5n rollen som verkst\u00e4llande direkt\u00f6r p\u00e5 Hanergy Italy d\u00e4r han var i nio \u00e5r. 2014 mottog han priset Top Investor in Italy av Italy-China Foundation f\u00f6r sina insatser inom solenergisektorn.<br\/>\n<br\/>\nJarno har \u00e4ven en bakrund inom finansv\u00e4rlden som kapitalf\u00f6rvaltare p\u00e5 f\u00f6retag som Robeco och ABN AMRO. Han \u00e4r utbildad civilekonom och har l\u00e4st p\u00e5 b\u00e5de Harvard Business School och Columbia Business School.<br\/>\n<br\/>\n&#8211; Midsummer \u00e4r en dold juvel globalt sett inom solenergisektorn och en s\u00e4llsynt kombination av avancerad teknologi, innovativ design och exceptionell kvalitet som sp\u00e4nner sig \u00f6ver hela produktutbudet, b\u00e5de tillverkningsutrustning och slutprodukt. Jag \u00e4r otroligt glad \u00f6ver att bli en del av Midsummer och att f\u00e5 m\u00f6jlighet att visa upp denna Svenska skatt f\u00f6r Europa och hela v\u00e4rlden, s\u00e4ger Jarno Montella.<br\/>\n<br\/>\nJarno Montella \u00e4r anst\u00e4lld p\u00e5 Midsummer fr\u00e5n och med f\u00f6rsta mars 2020.<\/span><\/span><br\/>\n<br\/>\n\u00a0<\/p>\n\n<p><img decoding=\"async\" alt=\"Jarno Montella Business Development Manager Midsummer\" src=\"https:\/\/mb.cision.com\/Public\/19047\/3049954\/8260ba73b190c640_800x800ar.jpg\"\/><\/p><div class=\"mfn-footer\"><p><span><span><strong><span>F\u00f6r mer information och bokning av intervjuer kontakta:<\/span><\/strong><br>\n<br>\nHelena Engelbrecht<br>\nKommunikationschef, Midsummer<br>\nEpost: <a href=\"mailto:helena.engelbrecht@midsummer.se\" rel=\"nofollow\">helena.engelbrecht@midsummer.se<\/a><br>\nTelefon: +46 73\u00a0532 25 29<\/span><\/span><\/p><\/div>","protected":false},"excerpt":{"rendered":"<p>Solenergif\u00f6retaget Midsummer v\u00e4xlar upp arbetet med aff\u00e4rsutveckling och anst\u00e4ller Jarno Montella som Business Development Manager med fokus p\u00e5 Europeisk tillv\u00e4xt. Jarno<span class=\"more\">&#8230;<\/span><\/p>\n","protected":false},"template":"","class_list":["post-15387","mfn_news","type-mfn_news","status-publish","hentry","mfn-news-tag-mfn-ci_sv","mfn-news-tag-mfn-type-ir_sv","mfn-news-tag-mfn_sv","mfn-news-tag-mfn-ci-other_sv","mfn-news-tag-mfn-lang-sv_sv"],"acf":[],"yoast_head":"<!-- This site is optimized with the Yoast SEO plugin v27.5 - https:\/\/yoast.com\/product\/yoast-seo-wordpress\/ -->\n<title>Midsummer anst\u00e4ller Business Development Manager med fokus p\u00e5 europeiska marknaden - Midsummer<\/title>\n<meta name=\"robots\" content=\"index, follow, max-snippet:-1, max-image-preview:large, max-video-preview:-1\" \/>\n<link rel=\"canonical\" href=\"https:\/\/midsummer.se\/it\/mfn_news\/midsummer-anstaller-business-development-manager-med-fokus-pa-europeiska-marknaden\/\" \/>\n<meta property=\"og:locale\" content=\"it_IT\" \/>\n<meta property=\"og:type\" content=\"article\" \/>\n<meta property=\"og:title\" content=\"Midsummer anst\u00e4ller Business Development Manager med fokus p\u00e5 europeiska marknaden - Midsummer\" \/>\n<meta property=\"og:description\" content=\"Solenergif\u00f6retaget Midsummer v\u00e4xlar upp arbetet med aff\u00e4rsutveckling och anst\u00e4ller Jarno Montella som Business Development Manager med fokus p\u00e5 Europeisk tillv\u00e4xt. Jarno...\" \/>\n<meta property=\"og:url\" content=\"https:\/\/midsummer.se\/it\/mfn_news\/midsummer-anstaller-business-development-manager-med-fokus-pa-europeiska-marknaden\/\" \/>\n<meta property=\"og:site_name\" content=\"Midsummer\" \/>\n<meta property=\"article:modified_time\" content=\"2023-10-27T06:09:48+00:00\" \/>\n<meta property=\"og:image\" content=\"https:\/\/mb.cision.com\/Public\/19047\/3049954\/8260ba73b190c640_800x800ar.jpg\" \/>\n<meta name=\"twitter:card\" content=\"summary_large_image\" \/>\n<meta name=\"twitter:label1\" content=\"Tempo di lettura stimato\" \/>\n\t<meta name=\"twitter:data1\" content=\"2 minuti\" \/>\n<script type=\"application\/ld+json\" class=\"yoast-schema-graph\">{\"@context\":\"https:\\\/\\\/schema.org\",\"@graph\":[{\"@type\":\"WebPage\",\"@id\":\"https:\\\/\\\/midsummer.se\\\/it\\\/mfn_news\\\/midsummer-anstaller-business-development-manager-med-fokus-pa-europeiska-marknaden\\\/\",\"url\":\"https:\\\/\\\/midsummer.se\\\/it\\\/mfn_news\\\/midsummer-anstaller-business-development-manager-med-fokus-pa-europeiska-marknaden\\\/\",\"name\":\"Midsummer anst\u00e4ller Business Development Manager med fokus p\u00e5 europeiska marknaden - Midsummer\",\"isPartOf\":{\"@id\":\"https:\\\/\\\/midsummer.se\\\/it\\\/#website\"},\"primaryImageOfPage\":{\"@id\":\"https:\\\/\\\/midsummer.se\\\/it\\\/mfn_news\\\/midsummer-anstaller-business-development-manager-med-fokus-pa-europeiska-marknaden\\\/#primaryimage\"},\"image\":{\"@id\":\"https:\\\/\\\/midsummer.se\\\/it\\\/mfn_news\\\/midsummer-anstaller-business-development-manager-med-fokus-pa-europeiska-marknaden\\\/#primaryimage\"},\"thumbnailUrl\":\"https:\\\/\\\/mb.cision.com\\\/Public\\\/19047\\\/3049954\\\/8260ba73b190c640_800x800ar.jpg\",\"datePublished\":\"2020-03-02T07:30:00+00:00\",\"dateModified\":\"2023-10-27T06:09:48+00:00\",\"breadcrumb\":{\"@id\":\"https:\\\/\\\/midsummer.se\\\/it\\\/mfn_news\\\/midsummer-anstaller-business-development-manager-med-fokus-pa-europeiska-marknaden\\\/#breadcrumb\"},\"inLanguage\":\"it-IT\",\"potentialAction\":[{\"@type\":\"ReadAction\",\"target\":[\"https:\\\/\\\/midsummer.se\\\/it\\\/mfn_news\\\/midsummer-anstaller-business-development-manager-med-fokus-pa-europeiska-marknaden\\\/\"]}]},{\"@type\":\"ImageObject\",\"inLanguage\":\"it-IT\",\"@id\":\"https:\\\/\\\/midsummer.se\\\/it\\\/mfn_news\\\/midsummer-anstaller-business-development-manager-med-fokus-pa-europeiska-marknaden\\\/#primaryimage\",\"url\":\"https:\\\/\\\/mb.cision.com\\\/Public\\\/19047\\\/3049954\\\/8260ba73b190c640_800x800ar.jpg\",\"contentUrl\":\"https:\\\/\\\/mb.cision.com\\\/Public\\\/19047\\\/3049954\\\/8260ba73b190c640_800x800ar.jpg\"},{\"@type\":\"BreadcrumbList\",\"@id\":\"https:\\\/\\\/midsummer.se\\\/it\\\/mfn_news\\\/midsummer-anstaller-business-development-manager-med-fokus-pa-europeiska-marknaden\\\/#breadcrumb\",\"itemListElement\":[{\"@type\":\"ListItem\",\"position\":1,\"name\":\"Hem\",\"item\":\"https:\\\/\\\/midsummer.se\\\/it\\\/\"},{\"@type\":\"ListItem\",\"position\":2,\"name\":\"MFN News Items\",\"item\":\"https:\\\/\\\/midsummer.se\\\/it\\\/mfn_news\\\/\"},{\"@type\":\"ListItem\",\"position\":3,\"name\":\"Midsummer anst\u00e4ller Business Development Manager med fokus p\u00e5 europeiska marknaden\"}]},{\"@type\":\"WebSite\",\"@id\":\"https:\\\/\\\/midsummer.se\\\/it\\\/#website\",\"url\":\"https:\\\/\\\/midsummer.se\\\/it\\\/\",\"name\":\"Midsummer\",\"description\":\"\",\"publisher\":{\"@id\":\"https:\\\/\\\/midsummer.se\\\/it\\\/#organization\"},\"potentialAction\":[{\"@type\":\"SearchAction\",\"target\":{\"@type\":\"EntryPoint\",\"urlTemplate\":\"https:\\\/\\\/midsummer.se\\\/it\\\/?s={search_term_string}\"},\"query-input\":{\"@type\":\"PropertyValueSpecification\",\"valueRequired\":true,\"valueName\":\"search_term_string\"}}],\"inLanguage\":\"it-IT\"},{\"@type\":\"Organization\",\"@id\":\"https:\\\/\\\/midsummer.se\\\/it\\\/#organization\",\"name\":\"Midsummer\",\"url\":\"https:\\\/\\\/midsummer.se\\\/it\\\/\",\"logo\":{\"@type\":\"ImageObject\",\"inLanguage\":\"it-IT\",\"@id\":\"https:\\\/\\\/midsummer.se\\\/it\\\/#\\\/schema\\\/logo\\\/image\\\/\",\"url\":\"https:\\\/\\\/midsummer.se\\\/wp-content\\\/uploads\\\/2020\\\/02\\\/MidSumLogo.svg\",\"contentUrl\":\"https:\\\/\\\/midsummer.se\\\/wp-content\\\/uploads\\\/2020\\\/02\\\/MidSumLogo.svg\",\"width\":335,\"height\":96,\"caption\":\"Midsummer\"},\"image\":{\"@id\":\"https:\\\/\\\/midsummer.se\\\/it\\\/#\\\/schema\\\/logo\\\/image\\\/\"}}]}<\/script>\n<!-- \/ Yoast SEO plugin. -->","yoast_head_json":{"title":"Midsummer anst\u00e4ller Business Development Manager med fokus p\u00e5 europeiska marknaden - Midsummer","robots":{"index":"index","follow":"follow","max-snippet":"max-snippet:-1","max-image-preview":"max-image-preview:large","max-video-preview":"max-video-preview:-1"},"canonical":"https:\/\/midsummer.se\/it\/mfn_news\/midsummer-anstaller-business-development-manager-med-fokus-pa-europeiska-marknaden\/","og_locale":"it_IT","og_type":"article","og_title":"Midsummer anst\u00e4ller Business Development Manager med fokus p\u00e5 europeiska marknaden - Midsummer","og_description":"Solenergif\u00f6retaget Midsummer v\u00e4xlar upp arbetet med aff\u00e4rsutveckling och anst\u00e4ller Jarno Montella som Business Development Manager med fokus p\u00e5 Europeisk tillv\u00e4xt. Jarno...","og_url":"https:\/\/midsummer.se\/it\/mfn_news\/midsummer-anstaller-business-development-manager-med-fokus-pa-europeiska-marknaden\/","og_site_name":"Midsummer","article_modified_time":"2023-10-27T06:09:48+00:00","og_image":[{"url":"https:\/\/mb.cision.com\/Public\/19047\/3049954\/8260ba73b190c640_800x800ar.jpg","type":"","width":"","height":""}],"twitter_card":"summary_large_image","twitter_misc":{"Tempo di lettura stimato":"2 minuti"},"schema":{"@context":"https:\/\/schema.org","@graph":[{"@type":"WebPage","@id":"https:\/\/midsummer.se\/it\/mfn_news\/midsummer-anstaller-business-development-manager-med-fokus-pa-europeiska-marknaden\/","url":"https:\/\/midsummer.se\/it\/mfn_news\/midsummer-anstaller-business-development-manager-med-fokus-pa-europeiska-marknaden\/","name":"Midsummer anst\u00e4ller Business Development Manager med fokus p\u00e5 europeiska marknaden - Midsummer","isPartOf":{"@id":"https:\/\/midsummer.se\/it\/#website"},"primaryImageOfPage":{"@id":"https:\/\/midsummer.se\/it\/mfn_news\/midsummer-anstaller-business-development-manager-med-fokus-pa-europeiska-marknaden\/#primaryimage"},"image":{"@id":"https:\/\/midsummer.se\/it\/mfn_news\/midsummer-anstaller-business-development-manager-med-fokus-pa-europeiska-marknaden\/#primaryimage"},"thumbnailUrl":"https:\/\/mb.cision.com\/Public\/19047\/3049954\/8260ba73b190c640_800x800ar.jpg","datePublished":"2020-03-02T07:30:00+00:00","dateModified":"2023-10-27T06:09:48+00:00","breadcrumb":{"@id":"https:\/\/midsummer.se\/it\/mfn_news\/midsummer-anstaller-business-development-manager-med-fokus-pa-europeiska-marknaden\/#breadcrumb"},"inLanguage":"it-IT","potentialAction":[{"@type":"ReadAction","target":["https:\/\/midsummer.se\/it\/mfn_news\/midsummer-anstaller-business-development-manager-med-fokus-pa-europeiska-marknaden\/"]}]},{"@type":"ImageObject","inLanguage":"it-IT","@id":"https:\/\/midsummer.se\/it\/mfn_news\/midsummer-anstaller-business-development-manager-med-fokus-pa-europeiska-marknaden\/#primaryimage","url":"https:\/\/mb.cision.com\/Public\/19047\/3049954\/8260ba73b190c640_800x800ar.jpg","contentUrl":"https:\/\/mb.cision.com\/Public\/19047\/3049954\/8260ba73b190c640_800x800ar.jpg"},{"@type":"BreadcrumbList","@id":"https:\/\/midsummer.se\/it\/mfn_news\/midsummer-anstaller-business-development-manager-med-fokus-pa-europeiska-marknaden\/#breadcrumb","itemListElement":[{"@type":"ListItem","position":1,"name":"Hem","item":"https:\/\/midsummer.se\/it\/"},{"@type":"ListItem","position":2,"name":"MFN News Items","item":"https:\/\/midsummer.se\/it\/mfn_news\/"},{"@type":"ListItem","position":3,"name":"Midsummer anst\u00e4ller Business Development Manager med fokus p\u00e5 europeiska marknaden"}]},{"@type":"WebSite","@id":"https:\/\/midsummer.se\/it\/#website","url":"https:\/\/midsummer.se\/it\/","name":"Midsummer","description":"","publisher":{"@id":"https:\/\/midsummer.se\/it\/#organization"},"potentialAction":[{"@type":"SearchAction","target":{"@type":"EntryPoint","urlTemplate":"https:\/\/midsummer.se\/it\/?s={search_term_string}"},"query-input":{"@type":"PropertyValueSpecification","valueRequired":true,"valueName":"search_term_string"}}],"inLanguage":"it-IT"},{"@type":"Organization","@id":"https:\/\/midsummer.se\/it\/#organization","name":"Midsummer","url":"https:\/\/midsummer.se\/it\/","logo":{"@type":"ImageObject","inLanguage":"it-IT","@id":"https:\/\/midsummer.se\/it\/#\/schema\/logo\/image\/","url":"https:\/\/midsummer.se\/wp-content\/uploads\/2020\/02\/MidSumLogo.svg","contentUrl":"https:\/\/midsummer.se\/wp-content\/uploads\/2020\/02\/MidSumLogo.svg","width":335,"height":96,"caption":"Midsummer"},"image":{"@id":"https:\/\/midsummer.se\/it\/#\/schema\/logo\/image\/"}}]}},"_links":{"self":[{"href":"https:\/\/midsummer.se\/it\/wp-json\/wp\/v2\/mfn_news\/15387","targetHints":{"allow":["GET"]}}],"collection":[{"href":"https:\/\/midsummer.se\/it\/wp-json\/wp\/v2\/mfn_news"}],"about":[{"href":"https:\/\/midsummer.se\/it\/wp-json\/wp\/v2\/types\/mfn_news"}],"wp:attachment":[{"href":"https:\/\/midsummer.se\/it\/wp-json\/wp\/v2\/media?parent=15387"}],"curies":[{"name":"wp","href":"https:\/\/api.w.org\/{rel}","templated":true}]}}