{"id":15382,"date":"2020-05-15T08:30:00","date_gmt":"2020-05-15T06:30:00","guid":{"rendered":"http:\/\/develope.midsummersolarroofs.se\/mfn_news\/midsummer-abs-delarsrapport-for-forsta-kvartalet-2020\/"},"modified":"2023-10-27T08:09:47","modified_gmt":"2023-10-27T06:09:47","slug":"midsummer-abs-delarsrapport-for-forsta-kvartalet-2020","status":"publish","type":"mfn_news","link":"https:\/\/midsummer.se\/it\/mfn_news\/midsummer-abs-delarsrapport-for-forsta-kvartalet-2020\/","title":{"rendered":"Midsummer ABs del\u00e5rsrapport f\u00f6r f\u00f6rsta kvartalet 2020"},"content":{"rendered":"<div class=\"mfn-preamble\"><strong>Midsummer AB (publ) presenterar idag sin del\u00e5rsrapport f\u00f6r det f\u00f6rsta kvartalet 2020 och kommenterar den p\u00e5g\u00e5ende pandemin i VD-ordet. Nettooms\u00e4ttningen f\u00f6r koncernen uppgick till 42,8 miljoner kronor med ett r\u00f6relseresultat p\u00e5 4,1 miljoner kronor. Bolaget fick under det f\u00f6rsta kvartalet en ny order p\u00e5 ett DUO-system. Dessutom har man anst\u00e4llt en Business Development Manager med europeisk fokus och lanserat produktsidor f\u00f6r Midsummer WAVE, Midsummer SLIM och Midsummer BOLD.<\/strong><\/div><p><span><span>Midsummer uppvisar en nettooms\u00e4ttning f\u00f6r det f\u00f6rsta kvartalet 2020 p\u00e5 42 801 TSEK (26 884 TSEK f\u00f6r Q1, 2019) och en EBITDA p\u00e5 12 710 TSEK (14 060 TSEK f\u00f6r Q1, 2019). Koncernens r\u00f6relseresultatet f\u00f6r de f\u00f6rsta tre m\u00e5naderna 2020 blev 4 129 TSEK. Motsvarande siffra f\u00f6r samma period 2019 var 8\u00a0070 TSEK.<\/span><\/span><\/p>\n\u00a0\n\n<p><img decoding=\"async\" alt=\"\" src=\"https:\/\/mb.cision.com\/Public\/19047\/3112581\/9893e0258efa878f_800x800ar.jpg\"\/><\/p>\n<br\/>\n<p><span><span><span><strong><span>VD Sven Lindstr\u00f6m kommenterar:<\/span><\/strong><br\/>\n\u201dF\u00f6rsta veckan i januari bes\u00f6kte jag potentiella nya kunder och v\u00e5ra befintliga kunder i Kina. Framf\u00f6rallt ville jag s\u00e4kerst\u00e4lla leveranser av solpaneler fr\u00e5n v\u00e5ra befintliga kunder f\u00f6r att st\u00f6tta v\u00e5r egen produktion i J\u00e4rf\u00e4lla. Vi har sedan slutet av 2019 sett ett alltj\u00e4mt \u00f6kande intresse f\u00f6r v\u00e5ra solpaneler och v\u00e5r egen produktionskapacitet i J\u00e4rf\u00e4lla h\u00e4ngde inte riktigt med. \u00c4ven v\u00e5ra kunder i Kina hade fulla orderb\u00f6cker, men vi blev lovade 500 kW i m\u00e5naden s\u00e5 fort deras produktion kommit ig\u00e5ng efter det kinesiska ny\u00e5ret.<\/span><\/span><\/span><\/p>\n\n<p><span><span><span>Produktionsstarten i Kina blev dock ordentligt f\u00f6rdr\u00f6jd p\u00e5 grund av corona-virusets utbrott och vi kan inte r\u00e4kna med n\u00e5gra st\u00f6rre volymer d\u00e4rifr\u00e5n innan 2021. Det som h\u00e4nt st\u00e4rker oss i v\u00e5r \u00f6vertygelse om att vi b\u00f6r satsa p\u00e5 produktion i Europa. <\/span><\/span><br\/>\n<br\/>\n<span><span><strong><span>Nya aff\u00e4rer under perioden<\/span><\/strong><\/span><\/span><br\/>\n<span><span>Gl\u00e4djande var att vi trots reserestriktioner lyckades f\u00e5 en order p\u00e5 ett DUO-system till Ryssland. Aff\u00e4ren \u00e4r den f\u00f6rsta under ramavtalet med statligt \u00e4gda Rusnano Group. M\u00e5let med samarbetet \u00e4r att utveckla marknaden f\u00f6r l\u00e4tta byggnadsintegrerade solpaneler i Ryssland och den Eurasiska regionen. Detta kontrakt gjorde att vi \u00e5terigen kunde visa positiva siffror under Q1, vilket inte \u00e4r en sj\u00e4lvklarhet i dessa tider.<\/span><\/span><\/span><\/p>\n\n<p><span><span>Intresset f\u00f6r v\u00e5ra solpaneler forts\u00e4tter vara h\u00f6gt och vi har ett \u00f6kande antal bes\u00f6kare i v\u00e5ra s\u00e4ljkanaler. F\u00f6rs\u00e4ljningen av solpaneler var under det g\u00e5ngna kvartalet \u00e5tta g\u00e5nger st\u00f6rre \u00e4n motsvarande period f\u00f6r ett \u00e5r sedan, vilket motsvarade 8,4 % av nettooms\u00e4ttningen.<\/span><\/span><br\/>\n<br\/>\n<span><span><strong><span>Gr\u00f6n omst\u00e4llning i Europa<\/span><\/strong><\/span><\/span><br\/>\n<span><span>Marknaden f\u00f6r byggnadsintegrerade solceller v\u00e4xer mycket snabbare \u00e4n solcellsmarknaden i stort och f\u00f6rv\u00e4ntas v\u00e4xa med ungef\u00e4r 40% per \u00e5r de kommande \u00e5ren. Efterfr\u00e5gan i Europa vida \u00f6verstiger v\u00e5r produktionskapacitet i befintliga anl\u00e4ggningar.<\/span><\/span><br\/>\n<br\/>\n<span><span>Midsummer anser att solel ska produceras d\u00e4r den konsumeras. Nu \u00e4r det dags att expandera fr\u00e5n v\u00e5r egna produktion i J\u00e4rf\u00e4lla med fler anl\u00e4ggningar i Europa. I b\u00f6rjan av mars anst\u00e4llde vi en Business Development Manager med just nya europeiska fabriker i fokus.<\/span><\/span><br\/>\n<br\/>\n<span><span>Vi ser fantastiska m\u00f6jligheter att expandera v\u00e5r egen produktion som en del av den gr\u00f6na omst\u00e4llning som redan har b\u00f6rjat. Dessutom ser vi ytterligare m\u00f6jligheter n\u00e4r EU nu skall f\u00e5 ig\u00e5ng hjulen och anpassa sig till en ny verklighet post corona.<\/span><\/span><br\/>\n<br\/>\n<span><span>Vi s\u00e5g exakt samma sak h\u00e4nda i Kina efter finanskrisen 2009-2010 n\u00e4r v\u00e4rldens produktionskapacitet f\u00f6r solceller m\u00e5ngdubblades. Alltifr\u00e5n Junckers investeringsplan i Europa till lokala st\u00f6d kommer att gynna oss. Midsummer har en unik l\u00f6sning och \u00e4r v\u00e4l positionerade att bli en viktig akt\u00f6r i att f\u00e5 Europa p\u00e5 f\u00f6tter med lokal milj\u00f6v\u00e4nlig produktion.<\/span><\/span><br\/>\n<br\/>\n<span><span>Vi \u00e4r p\u00e5 god v\u00e4g och har f\u00e5tt fin respons f\u00f6r v\u00e5ra planer att etablera oss i flera regioner i s\u00f6dra Europa. Nu f\u00f6rhandlar vi med organisationer och myndigheter f\u00f6r att hitta b\u00e4sta m\u00f6jliga l\u00f6sning. Detta tillsammans med ordern vi fick i december kommer att m\u00e5ngdubbla v\u00e5r leveranskapacitet i Europa 2021.<\/span><\/span><br\/>\n<br\/>\n<span><span><strong><span>Omst\u00e4llning i st\u00e4llet f\u00f6r nedst\u00e4ngning<\/span><\/strong><\/span><\/span><br\/>\n<span><span>Sj\u00e4lvklart f\u00f6ljer vi Folkh\u00e4lsomyndighetens rekommendationer och l\u00e5ter inte den nya verkligheten hindra oss. Snarare f\u00f6rs\u00f6ker vi se det som ett s\u00e4tt att t\u00e4nka om. Vi arbetar hemifr\u00e5n och supportar v\u00e5ra fabriker i Kina p\u00e5 distans i s\u00e5 h\u00f6g utstr\u00e4ckning som m\u00f6jligt \u00e4ven om vi ocks\u00e5 har personal p\u00e5 plats i Kina. Extra tillfredsst\u00e4llande var att spillbitar fr\u00e5n v\u00e5r genomskinliga folie har h\u00e4mtats av J\u00e4rf\u00e4lla kommun som kunde anv\u00e4nda dem f\u00f6r att tillverka visir.<\/span><\/span><br\/>\n<br\/>\n<span><span><strong><span>Digital uppdatering<\/span><\/strong><\/span><\/span><br\/>\n<span><span>Vi jobbar vidare med v\u00e5r digitala n\u00e4rvaro och lanserade under kvartalet som gick produktsajter f\u00f6r Midsummer WAVE och Midsummer SLIM. Strax d\u00e4refter \u00e4ven f\u00f6r Midsummer BOLD \u2013 ett solcellstak som helt kan ers\u00e4tta takpl\u00e5t eller taktegel. Dessutom l\u00e4mpar sig BOLD perfekt f\u00f6r exempelvis stora industrilokaler och idrottsarenor d\u00e4r viktbegr\u00e4nsningar g\u00f6r det om\u00f6jligt att installera traditionella solpaneler. I dagarna lanserar vi ocks\u00e5 nya uppdaterade Midsummer.se.\u201d<\/span><\/span><br\/>\n<br\/>\n<br\/>\n<span><span><strong><span>Viktiga h\u00e4ndelser januari \u2013 mars 2020<\/span><\/strong><\/span><\/span><br\/>\n\u00a0<\/p>\n\n<ul>\n\t<li>\n\t<p><span><span><span>Midsummer anst\u00e4ller Business Development Manager<\/span><\/span><\/span><\/p>\n\t<\/li>\n\t<li><span><span><span>Nya produktsidor f\u00f6r Midsummer WAVE, Midsummer SLIM och Midsummer BOLD<\/span><\/span><\/span><\/li>\n\t<li><span><span><span>Midsummer s\u00e4ljer f\u00f6rsta produktionslinan under ramavtalet med ryska Rusnano<\/span><\/span><\/span><\/li>\n<\/ul>\n\n<p><span><span><span>Del\u00e5rsrapporten finns att l\u00e4sa i sin helhet p\u00e5 Midsummers IR-sida under <\/span><\/span><a href=\"https:\/\/midsummer.se\/ir\/finansiella-rapporter\/\" rel=\"nofollow\"><span>Finansiella Rapporter<\/span><\/a><span><span>.<\/span><\/span><\/span><br\/>\n<br\/>\n<br\/>\n<span><span><span><strong>VIKTIG INFORMATION<\/strong><br\/>\nDenna information \u00e4r s\u00e5dan information som Midsummer AB (publ) \u00e4r skyldigt att offentligg\u00f6ra enligt EU:s marknadsmissbruksf\u00f6rordning. Informationen l\u00e4mnades, genom ovanst\u00e5ende kontaktpersons f\u00f6rsorg, f\u00f6r offentligg\u00f6rande 08:30 CET den 15 maj 2020.<\/span><\/span><\/span><br\/>\n\u00a0<\/p><div class=\"mfn-footer\"><p><span><span><strong><span>F\u00f6r mer information kontakta:<\/span><\/strong><br>\n<br>\nHelena Engelbrecht<br>\nKommunikationschef, Midsummer<br>\nE-post: <a href=\"mailto:helena.engelbrecht@midsummer.se\" rel=\"nofollow\">helena.engelbrecht@midsummer.se<\/a><br>\nTelefon: +46 73\u00a0532 25 29<\/span><\/span><\/p><\/div>","protected":false},"excerpt":{"rendered":"<p>Midsummer AB (publ) presenterar idag sin del\u00e5rsrapport f\u00f6r det f\u00f6rsta kvartalet 2020 och kommenterar den p\u00e5g\u00e5ende pandemin i VD-ordet. Nettooms\u00e4ttningen f\u00f6r<span class=\"more\">&#8230;<\/span><\/p>\n","protected":false},"template":"","class_list":["post-15382","mfn_news","type-mfn_news","status-publish","hentry","mfn-news-tag-mfn-report-interim_sv","mfn-news-tag-mfn-type-ir_sv","mfn-news-tag-mfn-regulatory-mar_sv","mfn-news-tag-mfn_sv","mfn-news-tag-mfn-report-interim-q1_sv","mfn-news-tag-mfn-report_sv","mfn-news-tag-mfn-regulatory_sv","mfn-news-tag-mfn-lang-sv_sv"],"acf":[],"yoast_head":"<!-- This site is optimized with the Yoast SEO plugin v27.5 - https:\/\/yoast.com\/product\/yoast-seo-wordpress\/ -->\n<title>Midsummer ABs del\u00e5rsrapport f\u00f6r f\u00f6rsta kvartalet 2020 - Midsummer<\/title>\n<meta name=\"robots\" content=\"index, follow, max-snippet:-1, max-image-preview:large, max-video-preview:-1\" \/>\n<link rel=\"canonical\" href=\"https:\/\/midsummer.se\/it\/mfn_news\/midsummer-abs-delarsrapport-for-forsta-kvartalet-2020\/\" \/>\n<meta property=\"og:locale\" content=\"it_IT\" \/>\n<meta property=\"og:type\" content=\"article\" \/>\n<meta property=\"og:title\" content=\"Midsummer ABs del\u00e5rsrapport f\u00f6r f\u00f6rsta kvartalet 2020 - Midsummer\" \/>\n<meta property=\"og:description\" content=\"Midsummer AB (publ) presenterar idag sin del\u00e5rsrapport f\u00f6r det f\u00f6rsta kvartalet 2020 och kommenterar den p\u00e5g\u00e5ende pandemin i VD-ordet. Nettooms\u00e4ttningen f\u00f6r...\" \/>\n<meta property=\"og:url\" content=\"https:\/\/midsummer.se\/it\/mfn_news\/midsummer-abs-delarsrapport-for-forsta-kvartalet-2020\/\" \/>\n<meta property=\"og:site_name\" content=\"Midsummer\" \/>\n<meta property=\"article:modified_time\" content=\"2023-10-27T06:09:47+00:00\" \/>\n<meta property=\"og:image\" content=\"https:\/\/mb.cision.com\/Public\/19047\/3112581\/9893e0258efa878f_800x800ar.jpg\" \/>\n<meta name=\"twitter:card\" content=\"summary_large_image\" \/>\n<meta name=\"twitter:label1\" content=\"Tempo di lettura stimato\" \/>\n\t<meta name=\"twitter:data1\" content=\"5 minuti\" \/>\n<script type=\"application\/ld+json\" class=\"yoast-schema-graph\">{\"@context\":\"https:\\\/\\\/schema.org\",\"@graph\":[{\"@type\":\"WebPage\",\"@id\":\"https:\\\/\\\/midsummer.se\\\/it\\\/mfn_news\\\/midsummer-abs-delarsrapport-for-forsta-kvartalet-2020\\\/\",\"url\":\"https:\\\/\\\/midsummer.se\\\/it\\\/mfn_news\\\/midsummer-abs-delarsrapport-for-forsta-kvartalet-2020\\\/\",\"name\":\"Midsummer ABs del\u00e5rsrapport f\u00f6r f\u00f6rsta kvartalet 2020 - Midsummer\",\"isPartOf\":{\"@id\":\"https:\\\/\\\/midsummer.se\\\/it\\\/#website\"},\"primaryImageOfPage\":{\"@id\":\"https:\\\/\\\/midsummer.se\\\/it\\\/mfn_news\\\/midsummer-abs-delarsrapport-for-forsta-kvartalet-2020\\\/#primaryimage\"},\"image\":{\"@id\":\"https:\\\/\\\/midsummer.se\\\/it\\\/mfn_news\\\/midsummer-abs-delarsrapport-for-forsta-kvartalet-2020\\\/#primaryimage\"},\"thumbnailUrl\":\"https:\\\/\\\/mb.cision.com\\\/Public\\\/19047\\\/3112581\\\/9893e0258efa878f_800x800ar.jpg\",\"datePublished\":\"2020-05-15T06:30:00+00:00\",\"dateModified\":\"2023-10-27T06:09:47+00:00\",\"breadcrumb\":{\"@id\":\"https:\\\/\\\/midsummer.se\\\/it\\\/mfn_news\\\/midsummer-abs-delarsrapport-for-forsta-kvartalet-2020\\\/#breadcrumb\"},\"inLanguage\":\"it-IT\",\"potentialAction\":[{\"@type\":\"ReadAction\",\"target\":[\"https:\\\/\\\/midsummer.se\\\/it\\\/mfn_news\\\/midsummer-abs-delarsrapport-for-forsta-kvartalet-2020\\\/\"]}]},{\"@type\":\"ImageObject\",\"inLanguage\":\"it-IT\",\"@id\":\"https:\\\/\\\/midsummer.se\\\/it\\\/mfn_news\\\/midsummer-abs-delarsrapport-for-forsta-kvartalet-2020\\\/#primaryimage\",\"url\":\"https:\\\/\\\/mb.cision.com\\\/Public\\\/19047\\\/3112581\\\/9893e0258efa878f_800x800ar.jpg\",\"contentUrl\":\"https:\\\/\\\/mb.cision.com\\\/Public\\\/19047\\\/3112581\\\/9893e0258efa878f_800x800ar.jpg\"},{\"@type\":\"BreadcrumbList\",\"@id\":\"https:\\\/\\\/midsummer.se\\\/it\\\/mfn_news\\\/midsummer-abs-delarsrapport-for-forsta-kvartalet-2020\\\/#breadcrumb\",\"itemListElement\":[{\"@type\":\"ListItem\",\"position\":1,\"name\":\"Hem\",\"item\":\"https:\\\/\\\/midsummer.se\\\/it\\\/\"},{\"@type\":\"ListItem\",\"position\":2,\"name\":\"MFN News Items\",\"item\":\"https:\\\/\\\/midsummer.se\\\/it\\\/mfn_news\\\/\"},{\"@type\":\"ListItem\",\"position\":3,\"name\":\"Midsummer ABs del\u00e5rsrapport f\u00f6r f\u00f6rsta kvartalet 2020\"}]},{\"@type\":\"WebSite\",\"@id\":\"https:\\\/\\\/midsummer.se\\\/it\\\/#website\",\"url\":\"https:\\\/\\\/midsummer.se\\\/it\\\/\",\"name\":\"Midsummer\",\"description\":\"\",\"publisher\":{\"@id\":\"https:\\\/\\\/midsummer.se\\\/it\\\/#organization\"},\"potentialAction\":[{\"@type\":\"SearchAction\",\"target\":{\"@type\":\"EntryPoint\",\"urlTemplate\":\"https:\\\/\\\/midsummer.se\\\/it\\\/?s={search_term_string}\"},\"query-input\":{\"@type\":\"PropertyValueSpecification\",\"valueRequired\":true,\"valueName\":\"search_term_string\"}}],\"inLanguage\":\"it-IT\"},{\"@type\":\"Organization\",\"@id\":\"https:\\\/\\\/midsummer.se\\\/it\\\/#organization\",\"name\":\"Midsummer\",\"url\":\"https:\\\/\\\/midsummer.se\\\/it\\\/\",\"logo\":{\"@type\":\"ImageObject\",\"inLanguage\":\"it-IT\",\"@id\":\"https:\\\/\\\/midsummer.se\\\/it\\\/#\\\/schema\\\/logo\\\/image\\\/\",\"url\":\"https:\\\/\\\/midsummer.se\\\/wp-content\\\/uploads\\\/2020\\\/02\\\/MidSumLogo.svg\",\"contentUrl\":\"https:\\\/\\\/midsummer.se\\\/wp-content\\\/uploads\\\/2020\\\/02\\\/MidSumLogo.svg\",\"width\":335,\"height\":96,\"caption\":\"Midsummer\"},\"image\":{\"@id\":\"https:\\\/\\\/midsummer.se\\\/it\\\/#\\\/schema\\\/logo\\\/image\\\/\"}}]}<\/script>\n<!-- \/ Yoast SEO plugin. -->","yoast_head_json":{"title":"Midsummer ABs del\u00e5rsrapport f\u00f6r f\u00f6rsta kvartalet 2020 - Midsummer","robots":{"index":"index","follow":"follow","max-snippet":"max-snippet:-1","max-image-preview":"max-image-preview:large","max-video-preview":"max-video-preview:-1"},"canonical":"https:\/\/midsummer.se\/it\/mfn_news\/midsummer-abs-delarsrapport-for-forsta-kvartalet-2020\/","og_locale":"it_IT","og_type":"article","og_title":"Midsummer ABs del\u00e5rsrapport f\u00f6r f\u00f6rsta kvartalet 2020 - Midsummer","og_description":"Midsummer AB (publ) presenterar idag sin del\u00e5rsrapport f\u00f6r det f\u00f6rsta kvartalet 2020 och kommenterar den p\u00e5g\u00e5ende pandemin i VD-ordet. Nettooms\u00e4ttningen f\u00f6r...","og_url":"https:\/\/midsummer.se\/it\/mfn_news\/midsummer-abs-delarsrapport-for-forsta-kvartalet-2020\/","og_site_name":"Midsummer","article_modified_time":"2023-10-27T06:09:47+00:00","og_image":[{"url":"https:\/\/mb.cision.com\/Public\/19047\/3112581\/9893e0258efa878f_800x800ar.jpg","type":"","width":"","height":""}],"twitter_card":"summary_large_image","twitter_misc":{"Tempo di lettura stimato":"5 minuti"},"schema":{"@context":"https:\/\/schema.org","@graph":[{"@type":"WebPage","@id":"https:\/\/midsummer.se\/it\/mfn_news\/midsummer-abs-delarsrapport-for-forsta-kvartalet-2020\/","url":"https:\/\/midsummer.se\/it\/mfn_news\/midsummer-abs-delarsrapport-for-forsta-kvartalet-2020\/","name":"Midsummer ABs del\u00e5rsrapport f\u00f6r f\u00f6rsta kvartalet 2020 - Midsummer","isPartOf":{"@id":"https:\/\/midsummer.se\/it\/#website"},"primaryImageOfPage":{"@id":"https:\/\/midsummer.se\/it\/mfn_news\/midsummer-abs-delarsrapport-for-forsta-kvartalet-2020\/#primaryimage"},"image":{"@id":"https:\/\/midsummer.se\/it\/mfn_news\/midsummer-abs-delarsrapport-for-forsta-kvartalet-2020\/#primaryimage"},"thumbnailUrl":"https:\/\/mb.cision.com\/Public\/19047\/3112581\/9893e0258efa878f_800x800ar.jpg","datePublished":"2020-05-15T06:30:00+00:00","dateModified":"2023-10-27T06:09:47+00:00","breadcrumb":{"@id":"https:\/\/midsummer.se\/it\/mfn_news\/midsummer-abs-delarsrapport-for-forsta-kvartalet-2020\/#breadcrumb"},"inLanguage":"it-IT","potentialAction":[{"@type":"ReadAction","target":["https:\/\/midsummer.se\/it\/mfn_news\/midsummer-abs-delarsrapport-for-forsta-kvartalet-2020\/"]}]},{"@type":"ImageObject","inLanguage":"it-IT","@id":"https:\/\/midsummer.se\/it\/mfn_news\/midsummer-abs-delarsrapport-for-forsta-kvartalet-2020\/#primaryimage","url":"https:\/\/mb.cision.com\/Public\/19047\/3112581\/9893e0258efa878f_800x800ar.jpg","contentUrl":"https:\/\/mb.cision.com\/Public\/19047\/3112581\/9893e0258efa878f_800x800ar.jpg"},{"@type":"BreadcrumbList","@id":"https:\/\/midsummer.se\/it\/mfn_news\/midsummer-abs-delarsrapport-for-forsta-kvartalet-2020\/#breadcrumb","itemListElement":[{"@type":"ListItem","position":1,"name":"Hem","item":"https:\/\/midsummer.se\/it\/"},{"@type":"ListItem","position":2,"name":"MFN News Items","item":"https:\/\/midsummer.se\/it\/mfn_news\/"},{"@type":"ListItem","position":3,"name":"Midsummer ABs del\u00e5rsrapport f\u00f6r f\u00f6rsta kvartalet 2020"}]},{"@type":"WebSite","@id":"https:\/\/midsummer.se\/it\/#website","url":"https:\/\/midsummer.se\/it\/","name":"Midsummer","description":"","publisher":{"@id":"https:\/\/midsummer.se\/it\/#organization"},"potentialAction":[{"@type":"SearchAction","target":{"@type":"EntryPoint","urlTemplate":"https:\/\/midsummer.se\/it\/?s={search_term_string}"},"query-input":{"@type":"PropertyValueSpecification","valueRequired":true,"valueName":"search_term_string"}}],"inLanguage":"it-IT"},{"@type":"Organization","@id":"https:\/\/midsummer.se\/it\/#organization","name":"Midsummer","url":"https:\/\/midsummer.se\/it\/","logo":{"@type":"ImageObject","inLanguage":"it-IT","@id":"https:\/\/midsummer.se\/it\/#\/schema\/logo\/image\/","url":"https:\/\/midsummer.se\/wp-content\/uploads\/2020\/02\/MidSumLogo.svg","contentUrl":"https:\/\/midsummer.se\/wp-content\/uploads\/2020\/02\/MidSumLogo.svg","width":335,"height":96,"caption":"Midsummer"},"image":{"@id":"https:\/\/midsummer.se\/it\/#\/schema\/logo\/image\/"}}]}},"_links":{"self":[{"href":"https:\/\/midsummer.se\/it\/wp-json\/wp\/v2\/mfn_news\/15382","targetHints":{"allow":["GET"]}}],"collection":[{"href":"https:\/\/midsummer.se\/it\/wp-json\/wp\/v2\/mfn_news"}],"about":[{"href":"https:\/\/midsummer.se\/it\/wp-json\/wp\/v2\/types\/mfn_news"}],"wp:attachment":[{"href":"https:\/\/midsummer.se\/it\/wp-json\/wp\/v2\/media?parent=15382"}],"curies":[{"name":"wp","href":"https:\/\/api.w.org\/{rel}","templated":true}]}}