{"id":15350,"date":"2020-12-17T12:22:00","date_gmt":"2020-12-17T11:22:00","guid":{"rendered":"http:\/\/develope.midsummersolarroofs.se\/mfn_news\/midsummer-presenterar-korta-videoklipp-pa-temat-ny-affarsmodell-solpaneler-och-expansion\/"},"modified":"2023-10-27T08:09:37","modified_gmt":"2023-10-27T06:09:37","slug":"midsummer-presenterar-korta-videoklipp-pa-temat-ny-affarsmodell-solpaneler-och-expansion","status":"publish","type":"mfn_news","link":"https:\/\/midsummer.se\/it\/mfn_news\/midsummer-presenterar-korta-videoklipp-pa-temat-ny-affarsmodell-solpaneler-och-expansion\/","title":{"rendered":"Midsummer presenterar korta videoklipp p\u00e5 temat ny aff\u00e4rsmodell, solpaneler och expansion"},"content":{"rendered":"<div class=\"mfn-preamble\"><strong>Nu sl\u00e4pper Midsummer fyra kortare informationsvideos med enkel sammanfattning av f\u00f6retagets nya aff\u00e4rsmodell. Klippen \u00e4r uppdelade p\u00e5 fyra teman \u2013 omst\u00e4llningen till solpaneler, expansionen i Europa, solpanelernas unika egenskaper och f\u00f6rs\u00e4ljningen av produktionsutrustning. Materialet publiceras p\u00e5 Midsummers Youtube-kanal och kommer fr\u00e4mst delas i sociala medier.<\/strong><\/div><p><span><span>&#8211; <\/span><\/span><span><span>Vi har f\u00e5tt m\u00e5nga nyfikna fr\u00e5gor om v\u00e5ra satsningar under h\u00f6sten och fram\u00e5t och vi upplever att en mer l\u00e4ttsm\u00e4lt och sammanfattande kommunikation efters\u00f6ks. D\u00e4rf\u00f6r v\u00e4ljer vi att testa ett f\u00f6r oss nytt grepp och samla svaren p\u00e5 n\u00e5gra av de vanligaste fr\u00e5gorna i enkla korta videoklipp och dela dessa i v\u00e5ra sociala medie-kanaler, s\u00e4ger Helena Engelbrecht, kommunikationschef, Midsummer.<br\/>\n<br\/>\nVarje klipp f\u00f6ljer ett tema och presenteras i text nedan:<br\/>\n<br\/>\n<strong>Varf\u00f6r satsar Midsummer p\u00e5 solpaneler?<\/strong><br\/>\nProduktion och f\u00f6rs\u00e4ljning av solpaneler till slutkund \u00e4r nu Midsummers huvudaff\u00e4r. Vi driver omst\u00e4llningen till solenergi p\u00e5 grund av den enorma potential som marknaden f\u00f6r solpaneler har.<br\/>\n<br\/>\nEnligt IEA World Energy Outlook 2020 v\u00e4xer marknaden f\u00f6r solenergi allt snabbare, och ingenstans i v\u00e4rlden utg\u00f6r andelen solenergi mer \u00e4n 10 procent av den totala energiproduktionen. H\u00e4r ser vi stora m\u00f6jligheter f\u00f6r v\u00e5ra produkter i och med deras diskreta design och de unika egenskaperna i form av l\u00e5g vikt, 2 millimeters tjocklek, b\u00f6jbarhet och enkel installation. V\u00e5r produktionsmetod g\u00f6r dessutom att v\u00e5ra paneler endast l\u00e4mnar ett koldioxidavtryck som \u00e4r n\u00e4ra 90 % mindre \u00e4n konventionella paneler med produktion i Kina.<br\/>\n<br\/>\nVi satsar nu stort p\u00e5 v\u00e5ra solpaneler och kommer de n\u00e4rmaste \u00e5ren g\u00f6ra stora investeringar f\u00f6r att v\u00e4xa marknaden ytterligare. Vi \u00e4r just nu i det tidiga skedet av tillv\u00e4xt och m\u00e5ste forts\u00e4tta g\u00f6ra de investeringar som kr\u00e4vs f\u00f6r att n\u00e5 upp i de volymer som beh\u00f6vs f\u00f6r att m\u00f6ta marknadens efterfr\u00e5gan.<br\/>\n<br\/>\nSe videon h\u00e4r:\u00a0<strong><a href=\"https:\/\/www.youtube.com\/watch?v=dgpbHoHrLMs\" rel=\"nofollow\">Varf\u00f6r satsar Midsummer p\u00e5 solpaneler?<\/a><\/strong><br\/>\n<br\/>\n<strong>Varf\u00f6r expanderar Midsummer i Europa?<\/strong><br\/>\nVi beh\u00f6ver ut\u00f6ka v\u00e5r produktionskapacitet avsev\u00e4rt och vi ser Europa som fantastiskt att g\u00f6ra detta p\u00e5. Midsummer har l\u00e4nge identifierat att lokal produktion \u00e4r det som g\u00e4ller och att Europa \u00e4r v\u00e4gen att g\u00e5. Europa \u00e4r v\u00e5r hemmamarknad och det finns en stor support f\u00f6r v\u00e5r typ av produkter och verksamhet, samt m\u00f6jlighet till incitament.<br\/>\n<br\/>\nVi ser Europa som en av de st\u00f6rsta marknaderna f\u00f6r v\u00e5ra produkter med en enorm potential. Apuliaregionen i Italien, d\u00e4r Bari och v\u00e5r nyk\u00f6pta fabrikslokal ligger, \u00e4r rankad som nummer ett i elproduktion fr\u00e5n solcellsinstallationer. N\u00e4rvaron med en fabrik medf\u00f6r d\u00e4rmed \u00e4ven intressanta aff\u00e4rsm\u00f6jligheter i regionen.<br\/>\n<br\/>\nSe videon h\u00e4r:\u00a0<strong><a href=\"https:\/\/www.youtube.com\/watch?v=Up5p2mQ_0do\" rel=\"nofollow\">Varf\u00f6r expanderar Midsummer i Europa?<\/a><\/strong><br\/>\n<br\/>\n<strong>Vad \u00e4r speciellt med Midsummers solpaneler?<\/strong><br\/>\nV\u00e5ra solpaneler \u00e4r diskret designade och passar alla typer av tak \u2013 pl\u00e5ttak, takpannor, papptak,\u00a0p\u00e5 privatbost\u00e4der och kommersiella fastigheter eller stora industrilokaler och idrottsarenor. De \u00e4r s\u00e5 l\u00e4tta och tunna att de till och med kan anv\u00e4ndas p\u00e5 fordon och t\u00e4ltdukar. Dessutom har de ett koldioxidavtryck som \u00e4r n\u00e4stan 10 g\u00e5nger mindre j\u00e4mf\u00f6rt med konventionella solpaneler.<br\/>\n<br\/>\nAndra solpaneler \u00e4r fr\u00e5n b\u00f6rjan tillverkade f\u00f6r solparker och har sedan anpassats till hustak. V\u00e5ra solpaneler \u00e4r helt och h\u00e5llet utvecklade f\u00f6r att passa alla typer av tak.<br\/>\n<br\/>\nV\u00e5ra produkter SLIM, WAVE och BOLD har lanserats p\u00e5 den svenska marknaden och mottagits mycket v\u00e4l. De \u00e4r diskret designade och sm\u00e4lter in perfekt i husets utseende och i omr\u00e5desbilden. De \u00e4r endast tv\u00e5 mm tunna, b\u00f6jbara och v\u00e4ldigt enkla att installera. En installation av Midsummers solpaneler g\u00f6rs dessutom alltid helt utan att perforera underlaget.<br\/>\n<br\/>\nUt\u00f6ver den svenska marknaden ser vi stora m\u00f6jligheter och ett mycket lovande intresse f\u00f6r att expandera p\u00e5 den sydeuropeiska marknaden, d\u00e4r b\u00e5de solinstr\u00e5lningen \u00e4r optimal och lokal arkitektur och v\u00e4derf\u00f6rh\u00e5llanden l\u00e4mpar sig mycket v\u00e4l f\u00f6r v\u00e5ra produkter. Dessutom \u00e4r stora fabrikstak i de s\u00f6dra sn\u00f6fria delarna av Europa ofta belagda med viktbegr\u00e4nsningar, n\u00e5got som tidigare gjort det om\u00f6jligt att installera solpaneler. H\u00e4r \u00e4r Midsummers produkter l\u00f6sningen med en vikt p\u00e5 under 2 kilo per solpanel.<br\/>\n<br\/>\nVi tror att solenergi ska produceras d\u00e4r den anv\u00e4nds. D\u00e4rf\u00f6r arbetar vi med lokal produktion i egen fabrik, med maskiner vi tillverkat sj\u00e4lva. Och d\u00e4rf\u00f6r har vi utvecklat solpaneler som enkelt kan installeras p\u00e5 alla tak, med en riktigt snygg och diskret design.<br\/>\n<br\/>\nSe videon h\u00e4r:\u00a0<strong><a href=\"https:\/\/www.youtube.com\/watch?v=ignuMW6tqa8\" rel=\"nofollow\">Vad \u00e4r speciellt med Midsummers solpaneler?<\/a><\/strong><br\/>\n<br\/>\n<strong><span>Ska Midsummer forts\u00e4tta s\u00e4lja maskiner?<\/span><\/strong><br\/>\nVi kommer givetvis att forts\u00e4tta s\u00e4lja v\u00e5ra maskiner. V\u00e5r l\u00e5ngsiktiga strategi och v\u00e5r stora f\u00f6rdel ligger i att ha kontroll \u00f6ver hela v\u00e4rdekedjan, fr\u00e5n r\u00e5material till f\u00e4rdig solpanel.<br\/>\n<br\/>\nBara den europeiska marknaden har en ackumulerad marknadspotential p\u00e5 \u00f6ver 73 GW fr\u00e5n 2020 till 2023. Volymerna p\u00e5 denna marknad \u00e4r allts\u00e5 s\u00e5 enorm att vi med f\u00f6rdel v\u00e4xer den p\u00e5 egen hand och tillsammans med v\u00e5ra maskinkunder.<br\/>\n<br\/>\nVi ser det ocks\u00e5 som positivt att tillsammans med k\u00f6pare av v\u00e5r tillverkningsutrustning skapa ytterligare efterfr\u00e5gan p\u00e5 v\u00e5ra solpaneler och integrerade solcellstak.<br\/>\n<br\/>\nSe videon h\u00e4r:\u00a0<strong><a href=\"https:\/\/www.youtube.com\/watch?v=aJljBR4810o\" rel=\"nofollow\">Ska Midsummer forts\u00e4tta s\u00e4lja maskiner?<\/a><\/strong><br\/>\n<br\/>\nF\u00f6lj g\u00e4rna Midsummer p\u00e5 <a href=\"https:\/\/www.linkedin.com\/company\/midsummer\/?viewAsMember=true\" rel=\"nofollow\">LinkedIn<\/a>, <a href=\"https:\/\/www.facebook.com\/MidsummerSolarRoofs\" rel=\"nofollow\">Facebook<\/a> och <a href=\"https:\/\/www.instagram.com\/midsummersolar\/\" rel=\"nofollow\">Instagram<\/a>.<\/span><\/span><\/p>\n\u00a0\n\n<p><span><span><strong><span>Kontaktperson:<\/span><\/strong><br\/>\n<br\/>\nHelena Engelbrecht<br\/>\nKommunikationschef, Midsummer<br\/>\nE-post: <a href=\"mailto:helena.engelbrecht@midsummer.se\" rel=\"nofollow\">helena.engelbrecht@midsummer.se<\/a><br\/>\nTelefon: +46 76\u00a0789 77 78<\/span><\/span><\/p>\n\n<p><span><strong><span><span>Om Midsummer<\/span><\/span><\/strong><br\/>\n<span><span>Midsummer\u00a0utvecklar och s\u00e4ljer\u00a0solpaneler direkt till slutmarknaden fr\u00e5n egen produktion. Med\u00a0produkterna\u00a0<\/span><\/span><a href=\"https:\/\/midsummersolarroofs.se\/midsummer-slim\/\" rel=\"nofollow\"><span><span>Midsummer SLIM<\/span><\/span><\/a><span><span>,\u00a0<\/span><\/span><a href=\"https:\/\/midsummersolarroofs.se\/midsummer-wave\/\" rel=\"nofollow\"><span><span>Midsummer WAVE<\/span><\/span><\/a><span><span>\u00a0och\u00a0<\/span><\/span><a href=\"https:\/\/midsummersolarroofs.se\/midsummer-bold\/\" rel=\"nofollow\"><span><span>Midsummer BOLD<\/span><\/span><\/a><span><span>\u00a0f\u00e5r kunden l\u00e4tta, tunna och diskreta solpaneler\u00a0som ger ett estetiskt tilltalande solcellstak, med ett 90 % mindre koldioxidavtryck j\u00e4mf\u00f6rt med konventionella solpaneler.<\/span><\/span><br\/>\n<br\/>\n<span><span>Midsummer \u00e4r \u00e4ven en ledande\u00a0svensk\u00a0utvecklare och leverant\u00f6r av avancerade l\u00f6sningar f\u00f6r produktion och installation av slitstarka och b\u00f6jbara CIGS-solceller. F\u00f6retagets erbjudande inkluderar utrustning f\u00f6r kostnadseffektiv tillverkning av tunnfilmssolceller samt byggnadsintegrerade solceller (BIPV). Det unika\u00a0<\/span><\/span><a href=\"https:\/\/midsummer.se\/products\/duo-turnkey-system\/\" rel=\"nofollow\"><span><span>DUO-systemet<\/span><\/span><\/a><span><span>\u00a0har tagit positionen som det mest spridda produktionssystemet f\u00f6r b\u00f6jbara CIGS-solceller i v\u00e4rlden.<br\/>\n<br\/>\nMidsummers teknik bygger p\u00e5 en snabb process f\u00f6r produktion av slitstarka, b\u00f6jbara CIGS-solceller med sputtring av alla lager i solcellen i en obruten vakuumkedja. Bolagets aktie (MIDS) \u00e4r f\u00f6rem\u00e5l f\u00f6r handel p\u00e5 Nasdaq First North Premier Growth Market.\u00a0<\/span><\/span><span><span>Certified Adviser \u00e4r G&amp;W Fondkommission, tel: 08-503\u00a0000\u00a050, e-post:\u00a0<\/span><\/span><a href=\"mailto:ca@gwkapital.se\" rel=\"nofollow\"><span><span>ca@gwkapital.se<\/span><\/span><\/a><span><span>.\u00a0F\u00f6r mer information, v\u00e4nligen bes\u00f6k:\u00a0<\/span><\/span><a href=\"https:\/\/midsummer.se\/\" rel=\"nofollow\"><span><span>midsummer.se<\/span><\/span><\/a><\/span><\/p><div class=\"mfn-footer\"><\/div>","protected":false},"excerpt":{"rendered":"<p>Nu sl\u00e4pper Midsummer fyra kortare informationsvideos med enkel sammanfattning av f\u00f6retagets nya aff\u00e4rsmodell. Klippen \u00e4r uppdelade p\u00e5 fyra teman \u2013 omst\u00e4llningen<span class=\"more\">&#8230;<\/span><\/p>\n","protected":false},"template":"","class_list":["post-15350","mfn_news","type-mfn_news","status-publish","hentry","mfn-news-tag-mfn-ci_sv","mfn-news-tag-mfn-type-ir_sv","mfn-news-tag-mfn_sv","mfn-news-tag-mfn-ci-other_sv","mfn-news-tag-mfn-lang-sv_sv"],"acf":[],"yoast_head":"<!-- This site is optimized with the Yoast SEO plugin v27.5 - https:\/\/yoast.com\/product\/yoast-seo-wordpress\/ -->\n<title>Midsummer presenterar korta videoklipp p\u00e5 temat ny aff\u00e4rsmodell, solpaneler och expansion - Midsummer<\/title>\n<meta name=\"robots\" content=\"index, follow, max-snippet:-1, max-image-preview:large, max-video-preview:-1\" \/>\n<link rel=\"canonical\" href=\"https:\/\/midsummer.se\/it\/mfn_news\/midsummer-presenterar-korta-videoklipp-pa-temat-ny-affarsmodell-solpaneler-och-expansion\/\" \/>\n<meta property=\"og:locale\" content=\"it_IT\" \/>\n<meta property=\"og:type\" content=\"article\" \/>\n<meta property=\"og:title\" content=\"Midsummer presenterar korta videoklipp p\u00e5 temat ny aff\u00e4rsmodell, solpaneler och expansion - Midsummer\" \/>\n<meta property=\"og:description\" content=\"Nu sl\u00e4pper Midsummer fyra kortare informationsvideos med enkel sammanfattning av f\u00f6retagets nya aff\u00e4rsmodell. Klippen \u00e4r uppdelade p\u00e5 fyra teman \u2013 omst\u00e4llningen...\" \/>\n<meta property=\"og:url\" content=\"https:\/\/midsummer.se\/it\/mfn_news\/midsummer-presenterar-korta-videoklipp-pa-temat-ny-affarsmodell-solpaneler-och-expansion\/\" \/>\n<meta property=\"og:site_name\" content=\"Midsummer\" \/>\n<meta property=\"article:modified_time\" content=\"2023-10-27T06:09:37+00:00\" \/>\n<meta property=\"og:image\" content=\"https:\/\/midsummer.se\/wp-content\/uploads\/2024\/02\/2.png\" \/>\n\t<meta property=\"og:image:width\" content=\"1920\" \/>\n\t<meta property=\"og:image:height\" content=\"1280\" \/>\n\t<meta property=\"og:image:type\" content=\"image\/png\" \/>\n<meta name=\"twitter:card\" content=\"summary_large_image\" \/>\n<meta name=\"twitter:label1\" content=\"Tempo di lettura stimato\" \/>\n\t<meta name=\"twitter:data1\" content=\"6 minuti\" \/>\n<script type=\"application\/ld+json\" class=\"yoast-schema-graph\">{\"@context\":\"https:\\\/\\\/schema.org\",\"@graph\":[{\"@type\":\"WebPage\",\"@id\":\"https:\\\/\\\/midsummer.se\\\/it\\\/mfn_news\\\/midsummer-presenterar-korta-videoklipp-pa-temat-ny-affarsmodell-solpaneler-och-expansion\\\/\",\"url\":\"https:\\\/\\\/midsummer.se\\\/it\\\/mfn_news\\\/midsummer-presenterar-korta-videoklipp-pa-temat-ny-affarsmodell-solpaneler-och-expansion\\\/\",\"name\":\"Midsummer presenterar korta videoklipp p\u00e5 temat ny aff\u00e4rsmodell, solpaneler och expansion - Midsummer\",\"isPartOf\":{\"@id\":\"https:\\\/\\\/midsummer.se\\\/it\\\/#website\"},\"datePublished\":\"2020-12-17T11:22:00+00:00\",\"dateModified\":\"2023-10-27T06:09:37+00:00\",\"breadcrumb\":{\"@id\":\"https:\\\/\\\/midsummer.se\\\/it\\\/mfn_news\\\/midsummer-presenterar-korta-videoklipp-pa-temat-ny-affarsmodell-solpaneler-och-expansion\\\/#breadcrumb\"},\"inLanguage\":\"it-IT\",\"potentialAction\":[{\"@type\":\"ReadAction\",\"target\":[\"https:\\\/\\\/midsummer.se\\\/it\\\/mfn_news\\\/midsummer-presenterar-korta-videoklipp-pa-temat-ny-affarsmodell-solpaneler-och-expansion\\\/\"]}]},{\"@type\":\"BreadcrumbList\",\"@id\":\"https:\\\/\\\/midsummer.se\\\/it\\\/mfn_news\\\/midsummer-presenterar-korta-videoklipp-pa-temat-ny-affarsmodell-solpaneler-och-expansion\\\/#breadcrumb\",\"itemListElement\":[{\"@type\":\"ListItem\",\"position\":1,\"name\":\"Hem\",\"item\":\"https:\\\/\\\/midsummer.se\\\/it\\\/\"},{\"@type\":\"ListItem\",\"position\":2,\"name\":\"MFN News Items\",\"item\":\"https:\\\/\\\/midsummer.se\\\/it\\\/mfn_news\\\/\"},{\"@type\":\"ListItem\",\"position\":3,\"name\":\"Midsummer presenterar korta videoklipp p\u00e5 temat ny aff\u00e4rsmodell, solpaneler och expansion\"}]},{\"@type\":\"WebSite\",\"@id\":\"https:\\\/\\\/midsummer.se\\\/it\\\/#website\",\"url\":\"https:\\\/\\\/midsummer.se\\\/it\\\/\",\"name\":\"Midsummer\",\"description\":\"\",\"publisher\":{\"@id\":\"https:\\\/\\\/midsummer.se\\\/it\\\/#organization\"},\"potentialAction\":[{\"@type\":\"SearchAction\",\"target\":{\"@type\":\"EntryPoint\",\"urlTemplate\":\"https:\\\/\\\/midsummer.se\\\/it\\\/?s={search_term_string}\"},\"query-input\":{\"@type\":\"PropertyValueSpecification\",\"valueRequired\":true,\"valueName\":\"search_term_string\"}}],\"inLanguage\":\"it-IT\"},{\"@type\":\"Organization\",\"@id\":\"https:\\\/\\\/midsummer.se\\\/it\\\/#organization\",\"name\":\"Midsummer\",\"url\":\"https:\\\/\\\/midsummer.se\\\/it\\\/\",\"logo\":{\"@type\":\"ImageObject\",\"inLanguage\":\"it-IT\",\"@id\":\"https:\\\/\\\/midsummer.se\\\/it\\\/#\\\/schema\\\/logo\\\/image\\\/\",\"url\":\"https:\\\/\\\/midsummer.se\\\/wp-content\\\/uploads\\\/2020\\\/02\\\/MidSumLogo.svg\",\"contentUrl\":\"https:\\\/\\\/midsummer.se\\\/wp-content\\\/uploads\\\/2020\\\/02\\\/MidSumLogo.svg\",\"width\":335,\"height\":96,\"caption\":\"Midsummer\"},\"image\":{\"@id\":\"https:\\\/\\\/midsummer.se\\\/it\\\/#\\\/schema\\\/logo\\\/image\\\/\"}}]}<\/script>\n<!-- \/ Yoast SEO plugin. -->","yoast_head_json":{"title":"Midsummer presenterar korta videoklipp p\u00e5 temat ny aff\u00e4rsmodell, solpaneler och expansion - Midsummer","robots":{"index":"index","follow":"follow","max-snippet":"max-snippet:-1","max-image-preview":"max-image-preview:large","max-video-preview":"max-video-preview:-1"},"canonical":"https:\/\/midsummer.se\/it\/mfn_news\/midsummer-presenterar-korta-videoklipp-pa-temat-ny-affarsmodell-solpaneler-och-expansion\/","og_locale":"it_IT","og_type":"article","og_title":"Midsummer presenterar korta videoklipp p\u00e5 temat ny aff\u00e4rsmodell, solpaneler och expansion - Midsummer","og_description":"Nu sl\u00e4pper Midsummer fyra kortare informationsvideos med enkel sammanfattning av f\u00f6retagets nya aff\u00e4rsmodell. Klippen \u00e4r uppdelade p\u00e5 fyra teman \u2013 omst\u00e4llningen...","og_url":"https:\/\/midsummer.se\/it\/mfn_news\/midsummer-presenterar-korta-videoklipp-pa-temat-ny-affarsmodell-solpaneler-och-expansion\/","og_site_name":"Midsummer","article_modified_time":"2023-10-27T06:09:37+00:00","og_image":[{"width":1920,"height":1280,"url":"https:\/\/midsummer.se\/wp-content\/uploads\/2024\/02\/2.png","type":"image\/png"}],"twitter_card":"summary_large_image","twitter_misc":{"Tempo di lettura stimato":"6 minuti"},"schema":{"@context":"https:\/\/schema.org","@graph":[{"@type":"WebPage","@id":"https:\/\/midsummer.se\/it\/mfn_news\/midsummer-presenterar-korta-videoklipp-pa-temat-ny-affarsmodell-solpaneler-och-expansion\/","url":"https:\/\/midsummer.se\/it\/mfn_news\/midsummer-presenterar-korta-videoklipp-pa-temat-ny-affarsmodell-solpaneler-och-expansion\/","name":"Midsummer presenterar korta videoklipp p\u00e5 temat ny aff\u00e4rsmodell, solpaneler och expansion - Midsummer","isPartOf":{"@id":"https:\/\/midsummer.se\/it\/#website"},"datePublished":"2020-12-17T11:22:00+00:00","dateModified":"2023-10-27T06:09:37+00:00","breadcrumb":{"@id":"https:\/\/midsummer.se\/it\/mfn_news\/midsummer-presenterar-korta-videoklipp-pa-temat-ny-affarsmodell-solpaneler-och-expansion\/#breadcrumb"},"inLanguage":"it-IT","potentialAction":[{"@type":"ReadAction","target":["https:\/\/midsummer.se\/it\/mfn_news\/midsummer-presenterar-korta-videoklipp-pa-temat-ny-affarsmodell-solpaneler-och-expansion\/"]}]},{"@type":"BreadcrumbList","@id":"https:\/\/midsummer.se\/it\/mfn_news\/midsummer-presenterar-korta-videoklipp-pa-temat-ny-affarsmodell-solpaneler-och-expansion\/#breadcrumb","itemListElement":[{"@type":"ListItem","position":1,"name":"Hem","item":"https:\/\/midsummer.se\/it\/"},{"@type":"ListItem","position":2,"name":"MFN News Items","item":"https:\/\/midsummer.se\/it\/mfn_news\/"},{"@type":"ListItem","position":3,"name":"Midsummer presenterar korta videoklipp p\u00e5 temat ny aff\u00e4rsmodell, solpaneler och expansion"}]},{"@type":"WebSite","@id":"https:\/\/midsummer.se\/it\/#website","url":"https:\/\/midsummer.se\/it\/","name":"Midsummer","description":"","publisher":{"@id":"https:\/\/midsummer.se\/it\/#organization"},"potentialAction":[{"@type":"SearchAction","target":{"@type":"EntryPoint","urlTemplate":"https:\/\/midsummer.se\/it\/?s={search_term_string}"},"query-input":{"@type":"PropertyValueSpecification","valueRequired":true,"valueName":"search_term_string"}}],"inLanguage":"it-IT"},{"@type":"Organization","@id":"https:\/\/midsummer.se\/it\/#organization","name":"Midsummer","url":"https:\/\/midsummer.se\/it\/","logo":{"@type":"ImageObject","inLanguage":"it-IT","@id":"https:\/\/midsummer.se\/it\/#\/schema\/logo\/image\/","url":"https:\/\/midsummer.se\/wp-content\/uploads\/2020\/02\/MidSumLogo.svg","contentUrl":"https:\/\/midsummer.se\/wp-content\/uploads\/2020\/02\/MidSumLogo.svg","width":335,"height":96,"caption":"Midsummer"},"image":{"@id":"https:\/\/midsummer.se\/it\/#\/schema\/logo\/image\/"}}]}},"_links":{"self":[{"href":"https:\/\/midsummer.se\/it\/wp-json\/wp\/v2\/mfn_news\/15350","targetHints":{"allow":["GET"]}}],"collection":[{"href":"https:\/\/midsummer.se\/it\/wp-json\/wp\/v2\/mfn_news"}],"about":[{"href":"https:\/\/midsummer.se\/it\/wp-json\/wp\/v2\/types\/mfn_news"}],"wp:attachment":[{"href":"https:\/\/midsummer.se\/it\/wp-json\/wp\/v2\/media?parent=15350"}],"curies":[{"name":"wp","href":"https:\/\/api.w.org\/{rel}","templated":true}]}}