{"id":15344,"date":"2021-03-09T08:30:00","date_gmt":"2021-03-09T07:30:00","guid":{"rendered":"http:\/\/develope.midsummersolarroofs.se\/mfn_news\/midsummer-starker-affarsomrade-solpaneler\/"},"modified":"2023-10-27T08:09:35","modified_gmt":"2023-10-27T06:09:35","slug":"midsummer-starker-affarsomrade-solpaneler","status":"publish","type":"mfn_news","link":"https:\/\/midsummer.se\/it\/mfn_news\/midsummer-starker-affarsomrade-solpaneler\/","title":{"rendered":"Midsummer st\u00e4rker aff\u00e4rsomr\u00e5de solpaneler"},"content":{"rendered":"<div class=\"mfn-preamble\"><strong>Midsummer\u00a0(http:\/\/www.midsummer.se\/) st\u00e4rker ledningen f\u00f6r sitt snabbv\u00e4xande aff\u00e4rsomr\u00e5de solpaneler med en ny f\u00f6rs\u00e4ljningschef samt ytterligare fyra erfarna medarbetare. F\u00f6retaget f\u00e5r samtidigt en ny kommunikationschef.<\/strong><\/div><p><span><span><strong><span>John Mathisen<\/span><\/strong> tilltr\u00e4der som ny f\u00f6rs\u00e4ljningschef f\u00f6r Midsummers aff\u00e4rsomr\u00e5de <a href=\"https:\/\/midsummersolarroofs.se\/\" rel=\"nofollow\">solpaneler<\/a>. Midsummer\u00a0utvecklar och s\u00e4ljer egenutvecklade\u00a0estetiskt tilltalande och h\u00e5llbara tunnfilmspaneler som kan integreras med takmaterial. Efterfr\u00e5gan p\u00e5 Midsummers solpaneler \u00e4r mycket stor och int\u00e4kterna f\u00f6r aff\u00e4rsomr\u00e5det v\u00e4xte med flera hundra procent fr\u00e5n \u00e5r 2019 till \u00e5r 2020.<\/span><\/span><\/p>\n\n<p><span><span>John \u00e4r en erfaren f\u00f6rs\u00e4ljningschef med bakgrund fr\u00e5n f\u00f6rs\u00e4ljning av f\u00f6nster, tak och hus till privatpersoner, bl a som franchisetagare f\u00f6r Mockfj\u00e4rds F\u00f6nster i Stockholm.<\/span><\/span><\/p>\n\n<p><span><span>&#8211; Vi storsatsar p\u00e5 detta aff\u00e4rsomr\u00e5de som har gigantisk potential och Johns erfarenhet av f\u00f6rs\u00e4ljning av byggmaterial, installationer och takrenoveringar \u00e4r perfekt f\u00f6r det s\u00e4tt vi s\u00e4ljer v\u00e5ra solpaneler p\u00e5. Effektiva och estetiskt tilltalande solpaneler ska inte bara vara en \u00e5tg\u00e4rd f\u00f6r en b\u00e4ttre milj\u00f6 och en smartare bostadsekonomi utan \u00e4ven ett attraktivt och medvetet arkitektoniskt val, s\u00e4ger Sven Lindstr\u00f6m, VD, Midsummer.<\/span><\/span><\/p>\n\n<p><span><span>F\u00f6rutom John Mathisen tilltr\u00e4der fyra personer inom samma aff\u00e4rsomr\u00e5de: <\/span><\/span><\/p>\n\n<p><span><span><strong><span>Annelie Nyman<\/span><\/strong> blir ny innes\u00e4ljare. Hon har l\u00e5ng erfarenhet av f\u00f6rs\u00e4ljning och kommer n\u00e4rmast fr\u00e5n Pronomics d\u00e4r hon varit ansvarig f\u00f6r f\u00f6rs\u00e4ljning till premium partners i Sverige, Norge och Danmark. <\/span><\/span><\/p>\n\n<p><span><span><strong><span>Yin Qiang<\/span><\/strong> \u00e4r ny produktchef och kommer bl a att st\u00f6tta s\u00e4ljorganisationen med teknisk kunskap. Yin kommer n\u00e4rmast fr\u00e5n Expand Media som s\u00e4ljer m\u00e4ssmontrar, d\u00e4r han varit produktchef och ansvarig f\u00f6r lanseringen av en ny produktkategori. <\/span><\/span><\/p>\n\n<p><span><span>\u00c4ven <strong>Martin Kokko<\/strong> blir ny produktchef. Martin har bakgrund som s\u00e4ljare och produktchef och kommer senast fr\u00e5n Kidde d\u00e4r han har varit produktchef f\u00f6r ett stort antal brandskyddsprodukter.<\/span><\/span><\/p>\n\n<p><span><span>Ny byggprojektledare blir <strong>Christer Olsson<\/strong>. Han kommer n\u00e4rmast fr\u00e5n Sm\u00e5landsvillan d\u00e4r han har varit byggprojektledare och utm\u00e4rkt sig f\u00f6r leveranser av god kvalitet och n\u00f6jda kunder.<\/span><\/span><\/p>\n\n<p><span><span>Samtidigt f\u00e5r Midsummer en ny kommunikationschef i <strong>Peter Karaszi<\/strong>. Han \u00e4r en erfaren kommunikat\u00f6r som har arbetat med milj\u00f6teknik och h\u00e5llbarhet i m\u00e5nga \u00e5r och skrivit sex b\u00f6cker om PR. Som extern konsult har Peter hj\u00e4lpt Midsummer med kommunikation sedan \u00e5r 2013. Helena Engelbrecht slutar som kommunikationschef och l\u00e4mnar f\u00f6retagets ledningsgrupp.<\/span><\/span><\/p>\n\n<p><span><strong><span><span>Kontaktperson<\/span><\/span><\/strong><span><span>:<br\/>\n<br\/>\nPeter Karaszi<br\/>\nKommunikationschef, Midsummer<br\/>\nE-post: <\/span><\/span><a href=\"mailto:peter.karaszi@midsummer.se\" rel=\"nofollow\"><span><span>peter.karaszi@midsummer.se<\/span><\/span><\/a><br\/>\n<span><span>Telefon: +27 83\u00a0243 57 97<\/span><\/span><\/span><\/p>\n\n<p><span><strong><span><span>Om Midsummer<\/span><\/span><\/strong><br\/>\n<span><span>Midsummer \u00e4r en ledande\u00a0svensk\u00a0utvecklare och leverant\u00f6r av avancerade l\u00f6sningar f\u00f6r produktion och installation av slitstarka och b\u00f6jbara CIGS-solceller. F\u00f6retagets erbjudande inkluderar utrustning f\u00f6r kostnadseffektiv tillverkning av tunnfilmssolceller samt byggnadsintegrerade solceller (BIPV). Midsummers tillverkningsprocess f\u00f6r solceller har ett minimalt koldioxidavtryck j\u00e4mf\u00f6rt med andra produktionsprocesser f\u00f6r solpaneler. Det unika <\/span><\/span><a href=\"https:\/\/midsummer.se\/products\/duo-turnkey-system\/\" rel=\"nofollow\"><span><span>DUO-systemet<\/span><\/span><\/a><span><span> har tagit positionen som det mest spridda produktionssystemet f\u00f6r b\u00f6jbara CIGS-solceller i v\u00e4rlden.<\/span><\/span><br\/>\n<br\/>\n<span><span>Midsummer\u00a0utvecklar och s\u00e4ljer\u00a0solpaneler direkt till slutmarknaden fr\u00e5n egen produktion och via kontraktstillverkare. Med\u00a0<\/span><\/span><a href=\"https:\/\/midsummersolarroofs.se\" rel=\"nofollow\"><span><span>Midsummer Solar Roofs<\/span><\/span><\/a><span><span> produkter <\/span><\/span><a href=\"https:\/\/midsummersolarroofs.se\/midsummer-slim\/\" rel=\"nofollow\"><span><span>Midsummer SLIM<\/span><\/span><\/a><span><span>, <\/span><\/span><a href=\"https:\/\/midsummersolarroofs.se\/midsummer-wave\/\" rel=\"nofollow\"><span><span>Midsummer WAVE<\/span><\/span><\/a><span><span> och <\/span><\/span><a href=\"https:\/\/midsummersolarroofs.se\/midsummer-bold\/\" rel=\"nofollow\"><span><span>Midsummer BOLD<\/span><\/span><\/a><span><span> f\u00e5r kunden l\u00e4tta, tunna och diskreta solpaneler\u00a0som ger ett estetiskt tilltalande solcellstak.<br\/>\n<br\/>\nMidsummers teknik bygger p\u00e5 en snabb process f\u00f6r produktion av slitstarka, b\u00f6jbara CIGS-solceller med sputtering av alla lager i solcellen i en obruten vakuumkedja. Bolagets aktie (MIDS) \u00e4r f\u00f6rem\u00e5l f\u00f6r handel p\u00e5 Nasdaq First North Premier Growth Market<\/span><\/span><span><span>.\u00a0<\/span><\/span><span><span>Certified Adviser \u00e4r G&amp;W Fondkommission, tel: 08-503\u00a0000\u00a050, e-post: <\/span><\/span><a href=\"mailto:ca@gwkapital.se\" rel=\"nofollow\"><span><span>ca@gwkapital.se<\/span><\/span><\/a><span><span>. <\/span><\/span><span><span>F\u00f6r mer information, v\u00e4nligen bes\u00f6k: <\/span><\/span><a href=\"https:\/\/midsummer.se\" rel=\"nofollow\"><span><span>midsummer.se<\/span><\/span><\/a><\/span><\/p><div class=\"mfn-footer\"><\/div>","protected":false},"excerpt":{"rendered":"<p>Midsummer\u00a0(http:\/\/www.midsummer.se\/) st\u00e4rker ledningen f\u00f6r sitt snabbv\u00e4xande aff\u00e4rsomr\u00e5de solpaneler med en ny f\u00f6rs\u00e4ljningschef samt ytterligare fyra erfarna medarbetare. F\u00f6retaget f\u00e5r samtidigt en<span class=\"more\">&#8230;<\/span><\/p>\n","protected":false},"template":"","class_list":["post-15344","mfn_news","type-mfn_news","status-publish","hentry","mfn-news-tag-mfn-ci_sv","mfn-news-tag-mfn-type-ir_sv","mfn-news-tag-mfn_sv","mfn-news-tag-mfn-ci-other_sv","mfn-news-tag-mfn-lang-sv_sv"],"acf":[],"yoast_head":"<!-- This site is optimized with the Yoast SEO plugin v27.5 - https:\/\/yoast.com\/product\/yoast-seo-wordpress\/ -->\n<title>Midsummer st\u00e4rker aff\u00e4rsomr\u00e5de solpaneler - Midsummer<\/title>\n<meta name=\"robots\" content=\"index, follow, max-snippet:-1, max-image-preview:large, max-video-preview:-1\" \/>\n<link rel=\"canonical\" href=\"https:\/\/midsummer.se\/it\/mfn_news\/midsummer-starker-affarsomrade-solpaneler\/\" \/>\n<meta property=\"og:locale\" content=\"it_IT\" \/>\n<meta property=\"og:type\" content=\"article\" \/>\n<meta property=\"og:title\" content=\"Midsummer st\u00e4rker aff\u00e4rsomr\u00e5de solpaneler - Midsummer\" \/>\n<meta property=\"og:description\" content=\"Midsummer\u00a0(http:\/\/www.midsummer.se\/) st\u00e4rker ledningen f\u00f6r sitt snabbv\u00e4xande aff\u00e4rsomr\u00e5de solpaneler med en ny f\u00f6rs\u00e4ljningschef samt ytterligare fyra erfarna medarbetare. F\u00f6retaget f\u00e5r samtidigt en...\" \/>\n<meta property=\"og:url\" content=\"https:\/\/midsummer.se\/it\/mfn_news\/midsummer-starker-affarsomrade-solpaneler\/\" \/>\n<meta property=\"og:site_name\" content=\"Midsummer\" \/>\n<meta property=\"article:modified_time\" content=\"2023-10-27T06:09:35+00:00\" \/>\n<meta property=\"og:image\" content=\"https:\/\/midsummer.se\/wp-content\/uploads\/2024\/02\/2.png\" \/>\n\t<meta property=\"og:image:width\" content=\"1920\" \/>\n\t<meta property=\"og:image:height\" content=\"1280\" \/>\n\t<meta property=\"og:image:type\" content=\"image\/png\" \/>\n<meta name=\"twitter:card\" content=\"summary_large_image\" \/>\n<meta name=\"twitter:label1\" content=\"Tempo di lettura stimato\" \/>\n\t<meta name=\"twitter:data1\" content=\"3 minuti\" \/>\n<script type=\"application\/ld+json\" class=\"yoast-schema-graph\">{\"@context\":\"https:\\\/\\\/schema.org\",\"@graph\":[{\"@type\":\"WebPage\",\"@id\":\"https:\\\/\\\/midsummer.se\\\/it\\\/mfn_news\\\/midsummer-starker-affarsomrade-solpaneler\\\/\",\"url\":\"https:\\\/\\\/midsummer.se\\\/it\\\/mfn_news\\\/midsummer-starker-affarsomrade-solpaneler\\\/\",\"name\":\"Midsummer st\u00e4rker aff\u00e4rsomr\u00e5de solpaneler - Midsummer\",\"isPartOf\":{\"@id\":\"https:\\\/\\\/midsummer.se\\\/it\\\/#website\"},\"datePublished\":\"2021-03-09T07:30:00+00:00\",\"dateModified\":\"2023-10-27T06:09:35+00:00\",\"breadcrumb\":{\"@id\":\"https:\\\/\\\/midsummer.se\\\/it\\\/mfn_news\\\/midsummer-starker-affarsomrade-solpaneler\\\/#breadcrumb\"},\"inLanguage\":\"it-IT\",\"potentialAction\":[{\"@type\":\"ReadAction\",\"target\":[\"https:\\\/\\\/midsummer.se\\\/it\\\/mfn_news\\\/midsummer-starker-affarsomrade-solpaneler\\\/\"]}]},{\"@type\":\"BreadcrumbList\",\"@id\":\"https:\\\/\\\/midsummer.se\\\/it\\\/mfn_news\\\/midsummer-starker-affarsomrade-solpaneler\\\/#breadcrumb\",\"itemListElement\":[{\"@type\":\"ListItem\",\"position\":1,\"name\":\"Hem\",\"item\":\"https:\\\/\\\/midsummer.se\\\/it\\\/\"},{\"@type\":\"ListItem\",\"position\":2,\"name\":\"MFN News Items\",\"item\":\"https:\\\/\\\/midsummer.se\\\/it\\\/mfn_news\\\/\"},{\"@type\":\"ListItem\",\"position\":3,\"name\":\"Midsummer st\u00e4rker aff\u00e4rsomr\u00e5de solpaneler\"}]},{\"@type\":\"WebSite\",\"@id\":\"https:\\\/\\\/midsummer.se\\\/it\\\/#website\",\"url\":\"https:\\\/\\\/midsummer.se\\\/it\\\/\",\"name\":\"Midsummer\",\"description\":\"\",\"publisher\":{\"@id\":\"https:\\\/\\\/midsummer.se\\\/it\\\/#organization\"},\"potentialAction\":[{\"@type\":\"SearchAction\",\"target\":{\"@type\":\"EntryPoint\",\"urlTemplate\":\"https:\\\/\\\/midsummer.se\\\/it\\\/?s={search_term_string}\"},\"query-input\":{\"@type\":\"PropertyValueSpecification\",\"valueRequired\":true,\"valueName\":\"search_term_string\"}}],\"inLanguage\":\"it-IT\"},{\"@type\":\"Organization\",\"@id\":\"https:\\\/\\\/midsummer.se\\\/it\\\/#organization\",\"name\":\"Midsummer\",\"url\":\"https:\\\/\\\/midsummer.se\\\/it\\\/\",\"logo\":{\"@type\":\"ImageObject\",\"inLanguage\":\"it-IT\",\"@id\":\"https:\\\/\\\/midsummer.se\\\/it\\\/#\\\/schema\\\/logo\\\/image\\\/\",\"url\":\"https:\\\/\\\/midsummer.se\\\/wp-content\\\/uploads\\\/2020\\\/02\\\/MidSumLogo.svg\",\"contentUrl\":\"https:\\\/\\\/midsummer.se\\\/wp-content\\\/uploads\\\/2020\\\/02\\\/MidSumLogo.svg\",\"width\":335,\"height\":96,\"caption\":\"Midsummer\"},\"image\":{\"@id\":\"https:\\\/\\\/midsummer.se\\\/it\\\/#\\\/schema\\\/logo\\\/image\\\/\"}}]}<\/script>\n<!-- \/ Yoast SEO plugin. -->","yoast_head_json":{"title":"Midsummer st\u00e4rker aff\u00e4rsomr\u00e5de solpaneler - Midsummer","robots":{"index":"index","follow":"follow","max-snippet":"max-snippet:-1","max-image-preview":"max-image-preview:large","max-video-preview":"max-video-preview:-1"},"canonical":"https:\/\/midsummer.se\/it\/mfn_news\/midsummer-starker-affarsomrade-solpaneler\/","og_locale":"it_IT","og_type":"article","og_title":"Midsummer st\u00e4rker aff\u00e4rsomr\u00e5de solpaneler - Midsummer","og_description":"Midsummer\u00a0(http:\/\/www.midsummer.se\/) st\u00e4rker ledningen f\u00f6r sitt snabbv\u00e4xande aff\u00e4rsomr\u00e5de solpaneler med en ny f\u00f6rs\u00e4ljningschef samt ytterligare fyra erfarna medarbetare. F\u00f6retaget f\u00e5r samtidigt en...","og_url":"https:\/\/midsummer.se\/it\/mfn_news\/midsummer-starker-affarsomrade-solpaneler\/","og_site_name":"Midsummer","article_modified_time":"2023-10-27T06:09:35+00:00","og_image":[{"width":1920,"height":1280,"url":"https:\/\/midsummer.se\/wp-content\/uploads\/2024\/02\/2.png","type":"image\/png"}],"twitter_card":"summary_large_image","twitter_misc":{"Tempo di lettura stimato":"3 minuti"},"schema":{"@context":"https:\/\/schema.org","@graph":[{"@type":"WebPage","@id":"https:\/\/midsummer.se\/it\/mfn_news\/midsummer-starker-affarsomrade-solpaneler\/","url":"https:\/\/midsummer.se\/it\/mfn_news\/midsummer-starker-affarsomrade-solpaneler\/","name":"Midsummer st\u00e4rker aff\u00e4rsomr\u00e5de solpaneler - Midsummer","isPartOf":{"@id":"https:\/\/midsummer.se\/it\/#website"},"datePublished":"2021-03-09T07:30:00+00:00","dateModified":"2023-10-27T06:09:35+00:00","breadcrumb":{"@id":"https:\/\/midsummer.se\/it\/mfn_news\/midsummer-starker-affarsomrade-solpaneler\/#breadcrumb"},"inLanguage":"it-IT","potentialAction":[{"@type":"ReadAction","target":["https:\/\/midsummer.se\/it\/mfn_news\/midsummer-starker-affarsomrade-solpaneler\/"]}]},{"@type":"BreadcrumbList","@id":"https:\/\/midsummer.se\/it\/mfn_news\/midsummer-starker-affarsomrade-solpaneler\/#breadcrumb","itemListElement":[{"@type":"ListItem","position":1,"name":"Hem","item":"https:\/\/midsummer.se\/it\/"},{"@type":"ListItem","position":2,"name":"MFN News Items","item":"https:\/\/midsummer.se\/it\/mfn_news\/"},{"@type":"ListItem","position":3,"name":"Midsummer st\u00e4rker aff\u00e4rsomr\u00e5de solpaneler"}]},{"@type":"WebSite","@id":"https:\/\/midsummer.se\/it\/#website","url":"https:\/\/midsummer.se\/it\/","name":"Midsummer","description":"","publisher":{"@id":"https:\/\/midsummer.se\/it\/#organization"},"potentialAction":[{"@type":"SearchAction","target":{"@type":"EntryPoint","urlTemplate":"https:\/\/midsummer.se\/it\/?s={search_term_string}"},"query-input":{"@type":"PropertyValueSpecification","valueRequired":true,"valueName":"search_term_string"}}],"inLanguage":"it-IT"},{"@type":"Organization","@id":"https:\/\/midsummer.se\/it\/#organization","name":"Midsummer","url":"https:\/\/midsummer.se\/it\/","logo":{"@type":"ImageObject","inLanguage":"it-IT","@id":"https:\/\/midsummer.se\/it\/#\/schema\/logo\/image\/","url":"https:\/\/midsummer.se\/wp-content\/uploads\/2020\/02\/MidSumLogo.svg","contentUrl":"https:\/\/midsummer.se\/wp-content\/uploads\/2020\/02\/MidSumLogo.svg","width":335,"height":96,"caption":"Midsummer"},"image":{"@id":"https:\/\/midsummer.se\/it\/#\/schema\/logo\/image\/"}}]}},"_links":{"self":[{"href":"https:\/\/midsummer.se\/it\/wp-json\/wp\/v2\/mfn_news\/15344","targetHints":{"allow":["GET"]}}],"collection":[{"href":"https:\/\/midsummer.se\/it\/wp-json\/wp\/v2\/mfn_news"}],"about":[{"href":"https:\/\/midsummer.se\/it\/wp-json\/wp\/v2\/types\/mfn_news"}],"wp:attachment":[{"href":"https:\/\/midsummer.se\/it\/wp-json\/wp\/v2\/media?parent=15344"}],"curies":[{"name":"wp","href":"https:\/\/api.w.org\/{rel}","templated":true}]}}