{"id":31139,"date":"2023-05-29T10:40:00","date_gmt":"2023-05-29T08:40:00","guid":{"rendered":"https:\/\/midsummer.se\/mfn_news\/midsummer-far-bestallning-pa-solcellstak-till-stugby-pa-oland-utseendet-avgjorde\/"},"modified":"2023-10-27T08:09:06","modified_gmt":"2023-10-27T06:09:06","slug":"midsummer-far-bestallning-pa-solcellstak-till-stugby-pa-oland-utseendet-avgjorde","status":"publish","type":"mfn_news","link":"https:\/\/midsummer.se\/en\/mfn_news\/midsummer-far-bestallning-pa-solcellstak-till-stugby-pa-oland-utseendet-avgjorde\/","title":{"rendered":"Midsummer f\u00e5r best\u00e4llning p\u00e5 solcellstak till stugby p\u00e5 \u00d6land \u2013 \u201dutseendet avgjorde\u201d"},"content":{"rendered":"<div class=\"mfn-preamble\"><p><strong>Midsummer har f\u00e5tt en best\u00e4llning p\u00e5 solcellstak till minst 25 semesterhus i en bostadsr\u00e4ttsf\u00f6rening i Ekerum p\u00e5 \u00d6land. \u201dVi till\u00e5ter enbart Midsummers paneler p\u00e5 taken d\u00e5 estetiken \u00e4r en viktig faktor och vi inte vill f\u00f6rfula byggnaderna\u201d, s\u00e4ger f\u00f6reningens ordf\u00f6rande.<\/strong><\/p><\/div>\n<div class=\"mfn-body\"><p>Midsummer har installerat sina solcellstak modell WAVE p\u00e5 hittills 20 av 87 frist\u00e5ende sommarhus i BRF Ekerum 2 inom Ekerum Golfby p\u00e5 v\u00e4stra \u00d6land. Best\u00e4llningar inkommer l\u00f6pande och ytterligare minst fem solcellstak kommer att installeras f\u00f6re sommaren. Varje hus f\u00e5r en installerad effekt p\u00e5 3,6-5 kW.<\/p><p>Val av installation \u00e4r frivillig f\u00f6r varje bostadsr\u00e4ttshavare men det m\u00e5ste vara en Midsummer WAVE. Medlemmarna i f\u00f6reningen beslutade p\u00e5 f\u00f6reningsst\u00e4mma att till\u00e5ta installation av solcellstak men bara just Midsummers solcellstak. En avg\u00f6rande faktor \u00e4r utseendet p\u00e5 taken d\u00e5 man \u00f6nskar tak som inte sticker ut och st\u00f6r estetiken i omr\u00e5det. Midsummer WAVE \u00e4r v\u00e4rldens f\u00f6rsta solpanel f\u00f6r takpannor, en tunn v\u00e5gformad solpanel som f\u00f6ljer konturerna av takpannorna och knappt syns.<\/p><p>&#8211; Det \u00e4r viktigt f\u00f6r m\u00e5nga medlemmar att bli klimatsmarta och h\u00e5llbara samt dra ned p\u00e5 elkostnaderna och d\u00e5 \u00e4r egenproducerad solenergi ett sj\u00e4lvklart val. Minst lika viktigt \u00e4r att inte f\u00f6rfula den vackra \u00d6landsmilj\u00f6n n\u00e4ra golfbanan och havet och d\u00e4rf\u00f6r r\u00f6stade vi f\u00f6r att godk\u00e4nna installation av Midsummer WAVE som \u00e4r den vackraste solpanel vi sett och i princip ser ut som ett vanligt panntak, s\u00e4ger Hans Bj\u00f6rkborg, ordf\u00f6rande, BRF Ekerum 2.<\/p><p><strong>Se<\/strong><em><strong> bifogat bildmaterial<\/strong><\/em><strong>.<\/strong><\/p><p>&#8211; Vi \u00e4r glada \u00f6ver att f\u00f6reningen i Ekerum valde oss vilket \u00e4r ett kvitto p\u00e5 att vi gjort r\u00e4tt som utvecklat solpaneler som inte bara \u00e4r klimatsmarta utan \u00e4ven vackra. Allt fler milj\u00f6er kr\u00e4ver att solcellsinstallationer sm\u00e4lter in och d\u00e5 g\u00e5r det inte att sm\u00e4lla upp kiselpaneler. Det m\u00e5ste se bra ut. Utseendet p\u00e5 v\u00e5ra tunna paneler \u00e4r en stor konkurrensf\u00f6rdel, s\u00e4ger Midsummers VD Sven Lindstr\u00f6m.<\/p><p>Midsummer <a href=\"https:\/\/midsummer.se\/midsummer-wave\/\" rel=\"noopener\" target=\"_blank\">WAVE<\/a> \u00e4r en v\u00e5gformad solpanel som f\u00f6ljer konturerna av takpannor. Den passar Sveriges mest popul\u00e4ra takpannor som Palema, J\u00f6n\u00e5ker och Ekeby och s\u00e4ljs antingen som ett komplett takbyte eller som eftermontage p\u00e5 befintliga takpannor. Panelen t\u00e4cker fem takpannor i bredd och kablaget g\u00f6ms under takl\u00e4kt f\u00f6r skydd och estetik. Panelen \u00e4r av typen tunnfilm: tunn, l\u00e4tt och b\u00f6jbar och med ett ultral\u00e5gt klimatavtryck.<\/p><p><strong>L\u00e4nk till bilder och annat pressmaterial: <\/strong><strong><a href=\"https:\/\/midsummer.se\/investerare\/press\/\" rel=\"noopener\" target=\"_blank\">Press &#8211; Midsummer<\/a><\/strong><strong>.<\/strong><\/p><p><strong>Kontaktpersoner<\/strong>:<br\/>Peter Karaszi<br\/>Kommunikationschef, Midsummer<br\/>E-post: <a href=\"mailto:peter.karaszi@midsummer.se\" rel=\"noopener\" target=\"_blank\">peter.karaszi@midsummer.se<\/a> <br\/>Telefon: 070-341 46 53<\/p><p><strong>Om Midsummer<\/strong><br\/>Midsummer \u00e4r ett svenskt solenergif\u00f6retag som utvecklar, tillverkar och s\u00e4ljer solceller till akt\u00f6rer inom bygg, tak och solcellsinstallation samt tillverkar, s\u00e4ljer och installerar solcellstak direkt till slutkunder. Bolaget utvecklar och s\u00e4ljer ocks\u00e5 utrustning f\u00f6r produktion av flexibla tunnfilmssolceller till strategiskt utvalda samarbetspartners samt maskiner f\u00f6r forskningssyfte. Solcellerna \u00e4r av typen CIGS (best\u00e5r av koppar, indium, gallium och selen) och \u00e4r tunna, l\u00e4tta, flexibla, diskreta och med ett minimalt koldioxidavtryck j\u00e4mf\u00f6rt med andra solpaneler.<\/p><p>Tillverkningen sker i Sverige med f\u00f6retagets egna <a href=\"https:\/\/midsummer.se\/products\/duo-turnkey-system\/\" rel=\"noopener\" target=\"_blank\">DUO-system<\/a> som \u00e4r det mest spridda produktionssystemet f\u00f6r b\u00f6jbara CIGS-solceller i v\u00e4rlden. Aktien \u00e4r listad p\u00e5 Nasdaq First North Premier Growth Market.\u00a0Certified Adviser \u00e4r G&amp;W Fondkommission. Se <a href=\"https:\/\/midsummer.se\/\" rel=\"noopener\" target=\"_blank\">midsummer.se<\/a><\/p><\/div>\n<div class=\"mfn-footer mfn-attachment mfn-attachment-image\"><p><strong class=\"mfn-heading-1\">Bifogade bilder<\/strong><\/p><hr\/><p><a href=\"https:\/\/storage.mfn.se\/a059dad4-467f-4806-a19c-9e95973c5ccb\/oland-1.jpeg\" rel=\"noopener\" target=\"_blank\">\u00d6land 1<\/a><br\/><a href=\"https:\/\/storage.mfn.se\/28c2bb28-fbee-4b26-99b6-be512a30b189\/oland-2.jpeg\" rel=\"noopener\" target=\"_blank\">\u00d6land 2<\/a><br\/><a href=\"https:\/\/storage.mfn.se\/157a183e-1c1f-4485-a123-f7381cb99ede\/oland-3.jpeg\" rel=\"noopener\" target=\"_blank\">\u00d6land 3<\/a><\/p><\/div>\n<div class=\"mfn-footer mfn-attachment mfn-attachment-general\"><p><strong class=\"mfn-heading-1\">Bifogade filer<\/strong><\/p><hr\/><p><a class=\"mfn-generated mfn-primary\" href=\"https:\/\/storage.mfn.se\/2cd47102-37b3-424d-a1c2-b0bc1ed1aef3\/midsummer-far-bestallning-pa-solcellstak-till-stugby-pa-oland-utseendet-avgjorde.pdf\" rel=\"noopener\" target=\"_blank\">Midsummer f\u00e5r best\u00e4llning p\u00e5 solcellstak till stugby p\u00e5 \u00d6land \u2013 \u201dutseendet avgjorde\u201d<\/a><\/p><\/div>","protected":false},"excerpt":{"rendered":"<p>Midsummer har f\u00e5tt en best\u00e4llning p\u00e5 solcellstak till minst 25 semesterhus i en bostadsr\u00e4ttsf\u00f6rening i Ekerum p\u00e5 \u00d6land. \u201dVi till\u00e5ter enbart<span class=\"more\">&#8230;<\/span><\/p>\n","protected":false},"template":"","class_list":["post-31139","mfn_news","type-mfn_news","status-publish","hentry","mfn-news-tag-mfn-ci_sv","mfn-news-tag-mfn-type-ir_sv","mfn-news-tag-mfn_sv","mfn-news-tag-mfn-ci-other_sv","mfn-news-tag-mfn-lang-sv_sv"],"acf":[],"yoast_head":"<!-- This site is optimized with the Yoast SEO plugin v27.5 - https:\/\/yoast.com\/product\/yoast-seo-wordpress\/ -->\n<title>Midsummer f\u00e5r best\u00e4llning p\u00e5 solcellstak till stugby p\u00e5 \u00d6land \u2013 \u201dutseendet avgjorde\u201d - Midsummer<\/title>\n<meta name=\"robots\" content=\"index, follow, max-snippet:-1, max-image-preview:large, max-video-preview:-1\" \/>\n<link rel=\"canonical\" href=\"https:\/\/midsummer.se\/en\/mfn_news\/midsummer-far-bestallning-pa-solcellstak-till-stugby-pa-oland-utseendet-avgjorde\/\" \/>\n<meta property=\"og:locale\" content=\"en_US\" \/>\n<meta property=\"og:type\" content=\"article\" \/>\n<meta property=\"og:title\" content=\"Midsummer f\u00e5r best\u00e4llning p\u00e5 solcellstak till stugby p\u00e5 \u00d6land \u2013 \u201dutseendet avgjorde\u201d - Midsummer\" \/>\n<meta property=\"og:description\" content=\"Midsummer har f\u00e5tt en best\u00e4llning p\u00e5 solcellstak till minst 25 semesterhus i en bostadsr\u00e4ttsf\u00f6rening i Ekerum p\u00e5 \u00d6land. \u201dVi till\u00e5ter enbart...\" \/>\n<meta property=\"og:url\" content=\"https:\/\/midsummer.se\/en\/mfn_news\/midsummer-far-bestallning-pa-solcellstak-till-stugby-pa-oland-utseendet-avgjorde\/\" \/>\n<meta property=\"og:site_name\" content=\"Midsummer\" \/>\n<meta property=\"article:modified_time\" content=\"2023-10-27T06:09:06+00:00\" \/>\n<meta property=\"og:image\" content=\"https:\/\/midsummer.se\/wp-content\/uploads\/2024\/02\/2.png\" \/>\n\t<meta property=\"og:image:width\" content=\"1920\" \/>\n\t<meta property=\"og:image:height\" content=\"1280\" \/>\n\t<meta property=\"og:image:type\" content=\"image\/png\" \/>\n<meta name=\"twitter:card\" content=\"summary_large_image\" \/>\n<meta name=\"twitter:label1\" content=\"Est. reading time\" \/>\n\t<meta name=\"twitter:data1\" content=\"3 minutes\" \/>\n<script type=\"application\/ld+json\" class=\"yoast-schema-graph\">{\"@context\":\"https:\\\/\\\/schema.org\",\"@graph\":[{\"@type\":\"WebPage\",\"@id\":\"https:\\\/\\\/midsummer.se\\\/en\\\/mfn_news\\\/midsummer-far-bestallning-pa-solcellstak-till-stugby-pa-oland-utseendet-avgjorde\\\/\",\"url\":\"https:\\\/\\\/midsummer.se\\\/en\\\/mfn_news\\\/midsummer-far-bestallning-pa-solcellstak-till-stugby-pa-oland-utseendet-avgjorde\\\/\",\"name\":\"Midsummer f\u00e5r best\u00e4llning p\u00e5 solcellstak till stugby p\u00e5 \u00d6land \u2013 \u201dutseendet avgjorde\u201d - Midsummer\",\"isPartOf\":{\"@id\":\"https:\\\/\\\/midsummer.se\\\/en\\\/#website\"},\"datePublished\":\"2023-05-29T08:40:00+00:00\",\"dateModified\":\"2023-10-27T06:09:06+00:00\",\"breadcrumb\":{\"@id\":\"https:\\\/\\\/midsummer.se\\\/en\\\/mfn_news\\\/midsummer-far-bestallning-pa-solcellstak-till-stugby-pa-oland-utseendet-avgjorde\\\/#breadcrumb\"},\"inLanguage\":\"en-US\",\"potentialAction\":[{\"@type\":\"ReadAction\",\"target\":[\"https:\\\/\\\/midsummer.se\\\/en\\\/mfn_news\\\/midsummer-far-bestallning-pa-solcellstak-till-stugby-pa-oland-utseendet-avgjorde\\\/\"]}]},{\"@type\":\"BreadcrumbList\",\"@id\":\"https:\\\/\\\/midsummer.se\\\/en\\\/mfn_news\\\/midsummer-far-bestallning-pa-solcellstak-till-stugby-pa-oland-utseendet-avgjorde\\\/#breadcrumb\",\"itemListElement\":[{\"@type\":\"ListItem\",\"position\":1,\"name\":\"Hem\",\"item\":\"https:\\\/\\\/midsummer.se\\\/en\\\/\"},{\"@type\":\"ListItem\",\"position\":2,\"name\":\"MFN News Items\",\"item\":\"https:\\\/\\\/midsummer.se\\\/en\\\/mfn_news\\\/\"},{\"@type\":\"ListItem\",\"position\":3,\"name\":\"Midsummer f\u00e5r best\u00e4llning p\u00e5 solcellstak till stugby p\u00e5 \u00d6land \u2013 \u201dutseendet avgjorde\u201d\"}]},{\"@type\":\"WebSite\",\"@id\":\"https:\\\/\\\/midsummer.se\\\/en\\\/#website\",\"url\":\"https:\\\/\\\/midsummer.se\\\/en\\\/\",\"name\":\"Midsummer\",\"description\":\"\",\"publisher\":{\"@id\":\"https:\\\/\\\/midsummer.se\\\/en\\\/#organization\"},\"potentialAction\":[{\"@type\":\"SearchAction\",\"target\":{\"@type\":\"EntryPoint\",\"urlTemplate\":\"https:\\\/\\\/midsummer.se\\\/en\\\/?s={search_term_string}\"},\"query-input\":{\"@type\":\"PropertyValueSpecification\",\"valueRequired\":true,\"valueName\":\"search_term_string\"}}],\"inLanguage\":\"en-US\"},{\"@type\":\"Organization\",\"@id\":\"https:\\\/\\\/midsummer.se\\\/en\\\/#organization\",\"name\":\"Midsummer\",\"url\":\"https:\\\/\\\/midsummer.se\\\/en\\\/\",\"logo\":{\"@type\":\"ImageObject\",\"inLanguage\":\"en-US\",\"@id\":\"https:\\\/\\\/midsummer.se\\\/en\\\/#\\\/schema\\\/logo\\\/image\\\/\",\"url\":\"https:\\\/\\\/midsummer.se\\\/wp-content\\\/uploads\\\/2020\\\/02\\\/MidSumLogo.svg\",\"contentUrl\":\"https:\\\/\\\/midsummer.se\\\/wp-content\\\/uploads\\\/2020\\\/02\\\/MidSumLogo.svg\",\"width\":335,\"height\":96,\"caption\":\"Midsummer\"},\"image\":{\"@id\":\"https:\\\/\\\/midsummer.se\\\/en\\\/#\\\/schema\\\/logo\\\/image\\\/\"}}]}<\/script>\n<!-- \/ Yoast SEO plugin. -->","yoast_head_json":{"title":"Midsummer f\u00e5r best\u00e4llning p\u00e5 solcellstak till stugby p\u00e5 \u00d6land \u2013 \u201dutseendet avgjorde\u201d - Midsummer","robots":{"index":"index","follow":"follow","max-snippet":"max-snippet:-1","max-image-preview":"max-image-preview:large","max-video-preview":"max-video-preview:-1"},"canonical":"https:\/\/midsummer.se\/en\/mfn_news\/midsummer-far-bestallning-pa-solcellstak-till-stugby-pa-oland-utseendet-avgjorde\/","og_locale":"en_US","og_type":"article","og_title":"Midsummer f\u00e5r best\u00e4llning p\u00e5 solcellstak till stugby p\u00e5 \u00d6land \u2013 \u201dutseendet avgjorde\u201d - Midsummer","og_description":"Midsummer har f\u00e5tt en best\u00e4llning p\u00e5 solcellstak till minst 25 semesterhus i en bostadsr\u00e4ttsf\u00f6rening i Ekerum p\u00e5 \u00d6land. \u201dVi till\u00e5ter enbart...","og_url":"https:\/\/midsummer.se\/en\/mfn_news\/midsummer-far-bestallning-pa-solcellstak-till-stugby-pa-oland-utseendet-avgjorde\/","og_site_name":"Midsummer","article_modified_time":"2023-10-27T06:09:06+00:00","og_image":[{"width":1920,"height":1280,"url":"https:\/\/midsummer.se\/wp-content\/uploads\/2024\/02\/2.png","type":"image\/png"}],"twitter_card":"summary_large_image","twitter_misc":{"Est. reading time":"3 minutes"},"schema":{"@context":"https:\/\/schema.org","@graph":[{"@type":"WebPage","@id":"https:\/\/midsummer.se\/en\/mfn_news\/midsummer-far-bestallning-pa-solcellstak-till-stugby-pa-oland-utseendet-avgjorde\/","url":"https:\/\/midsummer.se\/en\/mfn_news\/midsummer-far-bestallning-pa-solcellstak-till-stugby-pa-oland-utseendet-avgjorde\/","name":"Midsummer f\u00e5r best\u00e4llning p\u00e5 solcellstak till stugby p\u00e5 \u00d6land \u2013 \u201dutseendet avgjorde\u201d - Midsummer","isPartOf":{"@id":"https:\/\/midsummer.se\/en\/#website"},"datePublished":"2023-05-29T08:40:00+00:00","dateModified":"2023-10-27T06:09:06+00:00","breadcrumb":{"@id":"https:\/\/midsummer.se\/en\/mfn_news\/midsummer-far-bestallning-pa-solcellstak-till-stugby-pa-oland-utseendet-avgjorde\/#breadcrumb"},"inLanguage":"en-US","potentialAction":[{"@type":"ReadAction","target":["https:\/\/midsummer.se\/en\/mfn_news\/midsummer-far-bestallning-pa-solcellstak-till-stugby-pa-oland-utseendet-avgjorde\/"]}]},{"@type":"BreadcrumbList","@id":"https:\/\/midsummer.se\/en\/mfn_news\/midsummer-far-bestallning-pa-solcellstak-till-stugby-pa-oland-utseendet-avgjorde\/#breadcrumb","itemListElement":[{"@type":"ListItem","position":1,"name":"Hem","item":"https:\/\/midsummer.se\/en\/"},{"@type":"ListItem","position":2,"name":"MFN News Items","item":"https:\/\/midsummer.se\/en\/mfn_news\/"},{"@type":"ListItem","position":3,"name":"Midsummer f\u00e5r best\u00e4llning p\u00e5 solcellstak till stugby p\u00e5 \u00d6land \u2013 \u201dutseendet avgjorde\u201d"}]},{"@type":"WebSite","@id":"https:\/\/midsummer.se\/en\/#website","url":"https:\/\/midsummer.se\/en\/","name":"Midsummer","description":"","publisher":{"@id":"https:\/\/midsummer.se\/en\/#organization"},"potentialAction":[{"@type":"SearchAction","target":{"@type":"EntryPoint","urlTemplate":"https:\/\/midsummer.se\/en\/?s={search_term_string}"},"query-input":{"@type":"PropertyValueSpecification","valueRequired":true,"valueName":"search_term_string"}}],"inLanguage":"en-US"},{"@type":"Organization","@id":"https:\/\/midsummer.se\/en\/#organization","name":"Midsummer","url":"https:\/\/midsummer.se\/en\/","logo":{"@type":"ImageObject","inLanguage":"en-US","@id":"https:\/\/midsummer.se\/en\/#\/schema\/logo\/image\/","url":"https:\/\/midsummer.se\/wp-content\/uploads\/2020\/02\/MidSumLogo.svg","contentUrl":"https:\/\/midsummer.se\/wp-content\/uploads\/2020\/02\/MidSumLogo.svg","width":335,"height":96,"caption":"Midsummer"},"image":{"@id":"https:\/\/midsummer.se\/en\/#\/schema\/logo\/image\/"}}]}},"_links":{"self":[{"href":"https:\/\/midsummer.se\/en\/wp-json\/wp\/v2\/mfn_news\/31139","targetHints":{"allow":["GET"]}}],"collection":[{"href":"https:\/\/midsummer.se\/en\/wp-json\/wp\/v2\/mfn_news"}],"about":[{"href":"https:\/\/midsummer.se\/en\/wp-json\/wp\/v2\/types\/mfn_news"}],"wp:attachment":[{"href":"https:\/\/midsummer.se\/en\/wp-json\/wp\/v2\/media?parent=31139"}],"curies":[{"name":"wp","href":"https:\/\/api.w.org\/{rel}","templated":true}]}}