{"id":25282,"date":"2022-05-31T12:44:00","date_gmt":"2022-05-31T10:44:00","guid":{"rendered":"https:\/\/midsummer.se\/mfn_news\/midsummer-medverkar-pa-carlsquares-bolagsevent-den-2-juni\/"},"modified":"2023-10-27T08:09:21","modified_gmt":"2023-10-27T06:09:21","slug":"midsummer-medverkar-pa-carlsquares-bolagsevent-den-2-juni","status":"publish","type":"mfn_news","link":"https:\/\/midsummer.se\/en\/mfn_news\/midsummer-medverkar-pa-carlsquares-bolagsevent-den-2-juni\/","title":{"rendered":"Midsummer medverkar p\u00e5 Carlsquares bolagsevent den 2 juni"},"content":{"rendered":"<div class=\"mfn-preamble\"><p><strong>Det svenska solenergif\u00f6retaget Midsummer presenterar sitt f\u00f6retag och verksamhet p\u00e5 investmentbanken Carlsquares investerardag om tillv\u00e4xt och l\u00f6nsamhet i Stockholm torsdagen den 2 juni.<\/strong><\/p><\/div>\n<div class=\"mfn-body\"><p>Temadagen g\u00e5r av stapeln p\u00e5 Kungsgatan 33 i Stockholm hos Infront Direkt Studios. Midsummers VD Sven Lindstr\u00f6m h\u00e5ller en presentation som b\u00f6rjar klockan 13.30 och p\u00e5g\u00e5r i 20 minuter f\u00f6ljt av tio minuter l\u00e5ng fr\u00e5gestund.<\/p><p>F\u00f6lj eventet p\u00e5 plats genom att anm\u00e4la er n\u00e4rvaro via denna <a href=\"https:\/\/www.carlsquare.com\/sv\/event\/carlsquare-bjuder-in-till-bolagsevent-pa-temat-tillvaxt-och-lonsamhet\/\" target=\"_blank\" rel=\"nofollow noopener\">anm\u00e4lningsblankett<\/a> (begr\u00e4nsat antal platser). F\u00f6lj eventet online <a href=\"https:\/\/www.youtube.com\/watch?v=kJbkQCCVYGI\" target=\"_blank\" rel=\"nofollow noopener\">h\u00e4r<\/a>.<\/p><p><a href=\"https:\/\/midsummer.se\/\" target=\"_blank\" rel=\"nofollow noopener\">Midsummer<\/a> \u00e4r Sveriges enda tillverkare av solceller och v\u00e4rldsledande inom l\u00e4tta, flexibla och diskreta solcellstak med l\u00e5ga klimatavtryck.<\/p><p><strong>L\u00e4nk till bilder och annat pressmaterial: <\/strong><strong><a href=\"https:\/\/midsummer.se\/investerare\/press\/\" target=\"_blank\" rel=\"nofollow noopener\">Press &#8211; Midsummer<\/a><\/strong><strong>.<\/strong><\/p><p><strong>Kontaktperson<\/strong>:<br\/>Peter Karaszi<br\/>Kommunikationschef, Midsummer<br\/>E-post: <a target=\"_blank\" href=\"mailto:peter.karaszi@midsummer.se\" rel=\"nofollow noopener\">peter.karaszi@midsummer.se<\/a> <br\/>Telefon: 070-341 46 53<\/p><p><strong>Om Midsummer<\/strong><br\/>Midsummer \u00e4r ett svenskt solenergif\u00f6retag som utvecklar och s\u00e4ljer utrustning f\u00f6r produktion av tunnfilmsolceller samt producerar, s\u00e4ljer och installerar solcellstak. Solcellerna \u00e4r av typen CIGS och \u00e4r tunna, l\u00e4tta, flexibla, diskreta och med ett minimalt koldioxidavtryck j\u00e4mf\u00f6rt med andra solpaneler.<\/p><p>Tillverkningen sker i Sverige med f\u00f6retagets egna <a href=\"https:\/\/midsummer.se\/products\/duo-turnkey-system\/\" target=\"_blank\" rel=\"nofollow noopener\">DUO-system<\/a> som \u00e4r det mest spridda produktionssystemet f\u00f6r b\u00f6jbara CIGS-solceller i v\u00e4rlden. Aktien \u00e4r listad p\u00e5 Nasdaq First North Premier Growth Market.\u00a0Certified Adviser \u00e4r G&amp;W Fondkommission, tel: 08-503\u00a0000\u00a050, e-post: <a href=\"mailto:ca@gwkapital.se\" target=\"_blank\" rel=\"nofollow noopener\">ca@gwkapital.se<\/a>. Se <a href=\"https:\/\/midsummer.se\/\" target=\"_blank\" rel=\"nofollow noopener\">midsummer.se<\/a><\/p><\/div>\n<div class=\"mfn-footer mfn-attachment mfn-attachment-general\"><p><strong class=\"mfn-heading-1\">Bifogade filer<\/strong><\/p><hr\/><p><a href=\"https:\/\/storage.mfn.se\/a86b7f5d-3eae-4536-b756-1fc03cc2de5c\/midsummer-medverkar-pa-carlsquares-bolagsevent-den-2-juni.pdf\" class=\"mfn-generated mfn-primary\" target=\"_blank\" rel=\"nofollow noopener\">Midsummer medverkar p\u00e5 Carlsquares bolagsevent den 2 juni<\/a><\/p><\/div>","protected":false},"excerpt":{"rendered":"<p>Det svenska solenergif\u00f6retaget Midsummer presenterar sitt f\u00f6retag och verksamhet p\u00e5 investmentbanken Carlsquares investerardag om tillv\u00e4xt och l\u00f6nsamhet i Stockholm torsdagen den<span class=\"more\">&#8230;<\/span><\/p>\n","protected":false},"template":"","class_list":["post-25282","mfn_news","type-mfn_news","status-publish","hentry","mfn-news-tag-mfn_sv","mfn-news-tag-mfn-type-pr_sv","mfn-news-tag-mfn-lang-sv_sv"],"acf":[],"yoast_head":"<!-- This site is optimized with the Yoast SEO plugin v27.5 - https:\/\/yoast.com\/product\/yoast-seo-wordpress\/ -->\n<title>Midsummer medverkar p\u00e5 Carlsquares bolagsevent den 2 juni - Midsummer<\/title>\n<meta name=\"robots\" content=\"index, follow, max-snippet:-1, max-image-preview:large, max-video-preview:-1\" \/>\n<link rel=\"canonical\" href=\"https:\/\/midsummer.se\/en\/mfn_news\/midsummer-medverkar-pa-carlsquares-bolagsevent-den-2-juni\/\" \/>\n<meta property=\"og:locale\" content=\"en_US\" \/>\n<meta property=\"og:type\" content=\"article\" \/>\n<meta property=\"og:title\" content=\"Midsummer medverkar p\u00e5 Carlsquares bolagsevent den 2 juni - Midsummer\" \/>\n<meta property=\"og:description\" content=\"Det svenska solenergif\u00f6retaget Midsummer presenterar sitt f\u00f6retag och verksamhet p\u00e5 investmentbanken Carlsquares investerardag om tillv\u00e4xt och l\u00f6nsamhet i Stockholm torsdagen den...\" \/>\n<meta property=\"og:url\" content=\"https:\/\/midsummer.se\/en\/mfn_news\/midsummer-medverkar-pa-carlsquares-bolagsevent-den-2-juni\/\" \/>\n<meta property=\"og:site_name\" content=\"Midsummer\" \/>\n<meta property=\"article:modified_time\" content=\"2023-10-27T06:09:21+00:00\" \/>\n<meta property=\"og:image\" content=\"https:\/\/midsummer.se\/wp-content\/uploads\/2024\/02\/2.png\" \/>\n\t<meta property=\"og:image:width\" content=\"1920\" \/>\n\t<meta property=\"og:image:height\" content=\"1280\" \/>\n\t<meta property=\"og:image:type\" content=\"image\/png\" \/>\n<meta name=\"twitter:card\" content=\"summary_large_image\" \/>\n<meta name=\"twitter:label1\" content=\"Est. reading time\" \/>\n\t<meta name=\"twitter:data1\" content=\"1 minute\" \/>\n<script type=\"application\/ld+json\" class=\"yoast-schema-graph\">{\"@context\":\"https:\\\/\\\/schema.org\",\"@graph\":[{\"@type\":\"WebPage\",\"@id\":\"https:\\\/\\\/midsummer.se\\\/en\\\/mfn_news\\\/midsummer-medverkar-pa-carlsquares-bolagsevent-den-2-juni\\\/\",\"url\":\"https:\\\/\\\/midsummer.se\\\/en\\\/mfn_news\\\/midsummer-medverkar-pa-carlsquares-bolagsevent-den-2-juni\\\/\",\"name\":\"Midsummer medverkar p\u00e5 Carlsquares bolagsevent den 2 juni - Midsummer\",\"isPartOf\":{\"@id\":\"https:\\\/\\\/midsummer.se\\\/en\\\/#website\"},\"datePublished\":\"2022-05-31T10:44:00+00:00\",\"dateModified\":\"2023-10-27T06:09:21+00:00\",\"breadcrumb\":{\"@id\":\"https:\\\/\\\/midsummer.se\\\/en\\\/mfn_news\\\/midsummer-medverkar-pa-carlsquares-bolagsevent-den-2-juni\\\/#breadcrumb\"},\"inLanguage\":\"en-US\",\"potentialAction\":[{\"@type\":\"ReadAction\",\"target\":[\"https:\\\/\\\/midsummer.se\\\/en\\\/mfn_news\\\/midsummer-medverkar-pa-carlsquares-bolagsevent-den-2-juni\\\/\"]}]},{\"@type\":\"BreadcrumbList\",\"@id\":\"https:\\\/\\\/midsummer.se\\\/en\\\/mfn_news\\\/midsummer-medverkar-pa-carlsquares-bolagsevent-den-2-juni\\\/#breadcrumb\",\"itemListElement\":[{\"@type\":\"ListItem\",\"position\":1,\"name\":\"Hem\",\"item\":\"https:\\\/\\\/midsummer.se\\\/en\\\/\"},{\"@type\":\"ListItem\",\"position\":2,\"name\":\"MFN News Items\",\"item\":\"https:\\\/\\\/midsummer.se\\\/en\\\/mfn_news\\\/\"},{\"@type\":\"ListItem\",\"position\":3,\"name\":\"Midsummer medverkar p\u00e5 Carlsquares bolagsevent den 2 juni\"}]},{\"@type\":\"WebSite\",\"@id\":\"https:\\\/\\\/midsummer.se\\\/en\\\/#website\",\"url\":\"https:\\\/\\\/midsummer.se\\\/en\\\/\",\"name\":\"Midsummer\",\"description\":\"\",\"publisher\":{\"@id\":\"https:\\\/\\\/midsummer.se\\\/en\\\/#organization\"},\"potentialAction\":[{\"@type\":\"SearchAction\",\"target\":{\"@type\":\"EntryPoint\",\"urlTemplate\":\"https:\\\/\\\/midsummer.se\\\/en\\\/?s={search_term_string}\"},\"query-input\":{\"@type\":\"PropertyValueSpecification\",\"valueRequired\":true,\"valueName\":\"search_term_string\"}}],\"inLanguage\":\"en-US\"},{\"@type\":\"Organization\",\"@id\":\"https:\\\/\\\/midsummer.se\\\/en\\\/#organization\",\"name\":\"Midsummer\",\"url\":\"https:\\\/\\\/midsummer.se\\\/en\\\/\",\"logo\":{\"@type\":\"ImageObject\",\"inLanguage\":\"en-US\",\"@id\":\"https:\\\/\\\/midsummer.se\\\/en\\\/#\\\/schema\\\/logo\\\/image\\\/\",\"url\":\"https:\\\/\\\/midsummer.se\\\/wp-content\\\/uploads\\\/2020\\\/02\\\/MidSumLogo.svg\",\"contentUrl\":\"https:\\\/\\\/midsummer.se\\\/wp-content\\\/uploads\\\/2020\\\/02\\\/MidSumLogo.svg\",\"width\":335,\"height\":96,\"caption\":\"Midsummer\"},\"image\":{\"@id\":\"https:\\\/\\\/midsummer.se\\\/en\\\/#\\\/schema\\\/logo\\\/image\\\/\"}}]}<\/script>\n<!-- \/ Yoast SEO plugin. -->","yoast_head_json":{"title":"Midsummer medverkar p\u00e5 Carlsquares bolagsevent den 2 juni - Midsummer","robots":{"index":"index","follow":"follow","max-snippet":"max-snippet:-1","max-image-preview":"max-image-preview:large","max-video-preview":"max-video-preview:-1"},"canonical":"https:\/\/midsummer.se\/en\/mfn_news\/midsummer-medverkar-pa-carlsquares-bolagsevent-den-2-juni\/","og_locale":"en_US","og_type":"article","og_title":"Midsummer medverkar p\u00e5 Carlsquares bolagsevent den 2 juni - Midsummer","og_description":"Det svenska solenergif\u00f6retaget Midsummer presenterar sitt f\u00f6retag och verksamhet p\u00e5 investmentbanken Carlsquares investerardag om tillv\u00e4xt och l\u00f6nsamhet i Stockholm torsdagen den...","og_url":"https:\/\/midsummer.se\/en\/mfn_news\/midsummer-medverkar-pa-carlsquares-bolagsevent-den-2-juni\/","og_site_name":"Midsummer","article_modified_time":"2023-10-27T06:09:21+00:00","og_image":[{"width":1920,"height":1280,"url":"https:\/\/midsummer.se\/wp-content\/uploads\/2024\/02\/2.png","type":"image\/png"}],"twitter_card":"summary_large_image","twitter_misc":{"Est. reading time":"1 minute"},"schema":{"@context":"https:\/\/schema.org","@graph":[{"@type":"WebPage","@id":"https:\/\/midsummer.se\/en\/mfn_news\/midsummer-medverkar-pa-carlsquares-bolagsevent-den-2-juni\/","url":"https:\/\/midsummer.se\/en\/mfn_news\/midsummer-medverkar-pa-carlsquares-bolagsevent-den-2-juni\/","name":"Midsummer medverkar p\u00e5 Carlsquares bolagsevent den 2 juni - Midsummer","isPartOf":{"@id":"https:\/\/midsummer.se\/en\/#website"},"datePublished":"2022-05-31T10:44:00+00:00","dateModified":"2023-10-27T06:09:21+00:00","breadcrumb":{"@id":"https:\/\/midsummer.se\/en\/mfn_news\/midsummer-medverkar-pa-carlsquares-bolagsevent-den-2-juni\/#breadcrumb"},"inLanguage":"en-US","potentialAction":[{"@type":"ReadAction","target":["https:\/\/midsummer.se\/en\/mfn_news\/midsummer-medverkar-pa-carlsquares-bolagsevent-den-2-juni\/"]}]},{"@type":"BreadcrumbList","@id":"https:\/\/midsummer.se\/en\/mfn_news\/midsummer-medverkar-pa-carlsquares-bolagsevent-den-2-juni\/#breadcrumb","itemListElement":[{"@type":"ListItem","position":1,"name":"Hem","item":"https:\/\/midsummer.se\/en\/"},{"@type":"ListItem","position":2,"name":"MFN News Items","item":"https:\/\/midsummer.se\/en\/mfn_news\/"},{"@type":"ListItem","position":3,"name":"Midsummer medverkar p\u00e5 Carlsquares bolagsevent den 2 juni"}]},{"@type":"WebSite","@id":"https:\/\/midsummer.se\/en\/#website","url":"https:\/\/midsummer.se\/en\/","name":"Midsummer","description":"","publisher":{"@id":"https:\/\/midsummer.se\/en\/#organization"},"potentialAction":[{"@type":"SearchAction","target":{"@type":"EntryPoint","urlTemplate":"https:\/\/midsummer.se\/en\/?s={search_term_string}"},"query-input":{"@type":"PropertyValueSpecification","valueRequired":true,"valueName":"search_term_string"}}],"inLanguage":"en-US"},{"@type":"Organization","@id":"https:\/\/midsummer.se\/en\/#organization","name":"Midsummer","url":"https:\/\/midsummer.se\/en\/","logo":{"@type":"ImageObject","inLanguage":"en-US","@id":"https:\/\/midsummer.se\/en\/#\/schema\/logo\/image\/","url":"https:\/\/midsummer.se\/wp-content\/uploads\/2020\/02\/MidSumLogo.svg","contentUrl":"https:\/\/midsummer.se\/wp-content\/uploads\/2020\/02\/MidSumLogo.svg","width":335,"height":96,"caption":"Midsummer"},"image":{"@id":"https:\/\/midsummer.se\/en\/#\/schema\/logo\/image\/"}}]}},"_links":{"self":[{"href":"https:\/\/midsummer.se\/en\/wp-json\/wp\/v2\/mfn_news\/25282","targetHints":{"allow":["GET"]}}],"collection":[{"href":"https:\/\/midsummer.se\/en\/wp-json\/wp\/v2\/mfn_news"}],"about":[{"href":"https:\/\/midsummer.se\/en\/wp-json\/wp\/v2\/types\/mfn_news"}],"wp:attachment":[{"href":"https:\/\/midsummer.se\/en\/wp-json\/wp\/v2\/media?parent=25282"}],"curies":[{"name":"wp","href":"https:\/\/api.w.org\/{rel}","templated":true}]}}