{"id":15431,"date":"2018-08-20T10:44:00","date_gmt":"2018-08-20T08:44:00","guid":{"rendered":"http:\/\/develope.midsummersolarroofs.se\/mfn_news\/rattelse-av-idag-tidigare-kommunicerat-pressmeddelande\/"},"modified":"2023-10-27T08:10:03","modified_gmt":"2023-10-27T06:10:03","slug":"rattelse-av-idag-tidigare-kommunicerat-pressmeddelande","status":"publish","type":"mfn_news","link":"https:\/\/midsummer.se\/en\/mfn_news\/rattelse-av-idag-tidigare-kommunicerat-pressmeddelande\/","title":{"rendered":"R\u00e4ttelse av idag tidigare kommunicerat pressmeddelande"},"content":{"rendered":"<div class=\"mfn-preamble\"><strong>Bolaget offentliggjorde idag kl 9.00 att solenergif\u00f6retaget Midsummer expanderar: rekryterar ny produktionschef fr\u00e5n Saab<\/strong><\/div><p><span><span>Detta pressmeddelande angavs d\u00e5 utg\u00f6ra insiderinformation genom att den inneh\u00f6ll en h\u00e4nvisning till EU:s marknadsmissbruksf\u00f6rordning.<\/span><\/span><\/p>\n\n<p><span><span>Bolaget vill h\u00e4r f\u00f6rtydliga att det inte utgjorde information under EU:s marknadsmissbruksf\u00f6rordning.<\/span><\/span><\/p>\n\n<p><span><span>Se pressmeddelandet i sin helhet h\u00e4r:\u00a0<a href=\"https:\/\/www.bequoted.com\/bolag\/midsummer\/pressmeddelande\/solenergiforetaget-midsummer-expanderar-rekryterar-ny-produk-66408\/\" rel=\"nofollow\">https:\/\/www.bequoted.com\/bolag\/midsummer\/pressmeddelande\/solenergiforetaget-midsummer- expanderar-rekryterar-ny-produk-66408\/<\/a><\/span><\/span><\/p>\n\n<p><span><span>20 augusti 2018<\/span><\/span><\/p>\n\n<p><span><span><em><strong><span><span>F\u00f6r ytterligare information v\u00e4nligen kontakta:<\/span><\/span><\/strong><\/em><br\/>\nSven Lindstr\u00f6m<br\/>\nVD, Midsummer<br\/>\nEpost:\u00a0<a href=\"mailto:sven.lindstrom@midsummer.se\" rel=\"nofollow\">sven.lindstrom@midsummer.se<\/a><br\/>\nTelefon: +46-8-525 09 610<\/span><\/span><\/p>\n\n<p><span><span><strong><span><span>Om Midsummer<\/span><\/span><\/strong><br\/>\nMidsummer \u00e4r en ledande utvecklare och leverant\u00f6r av avancerade l\u00f6sningar inom solenergi f\u00f6r produktion och installation av tunnfilmssolceller. F\u00f6retagets erbjudande inkluderar utrustning f\u00f6r kostnadseffektiv tillverkning av tunnfilmssolceller samt byggintegrerade solceller (BIPV) f\u00f6r till\u00e4mpning av tunnfilmssolceller p\u00e5 byggnader (integrerade i tak, fasader mm).<\/span><\/span><\/p>\n\n<p><span><span>Midsummers tunnfilmssolceller \u00e4r l\u00e4tta, flexibla, t\u00e5liga och mycket effektiva, och \u00e4r d\u00e4rf\u00f6r idealiska f\u00f6r integrering i byggnadsmaterial. Midsummers patenterade teknik bygger p\u00e5 en snabb process f\u00f6r produktion av flexibla tunnfilmssolceller med sputtering av alla lager i solcellen. F\u00f6r mer information, v\u00e4nligen bes\u00f6k:\u00a0<a href=\"http:\/\/www.midsummer.se\/\" rel=\"nofollow\">www.midsummer.se<\/a><\/span><\/span><\/p><div class=\"mfn-footer\"><\/div>","protected":false},"excerpt":{"rendered":"<p>Bolaget offentliggjorde idag kl 9.00 att solenergif\u00f6retaget Midsummer expanderar: rekryterar ny produktionschef fr\u00e5n SaabDetta pressmeddelande angavs d\u00e5 utg\u00f6ra insiderinformation genom att<span class=\"more\">&#8230;<\/span><\/p>\n","protected":false},"template":"","class_list":["post-15431","mfn_news","type-mfn_news","status-publish","hentry","mfn-news-tag-mfn-ci_sv","mfn-news-tag-mfn-type-ir_sv","mfn-news-tag-mfn_sv","mfn-news-tag-mfn-ci-staff_sv","mfn-news-tag-mfn-lang-sv_sv"],"acf":[],"yoast_head":"<!-- This site is optimized with the Yoast SEO plugin v27.5 - https:\/\/yoast.com\/product\/yoast-seo-wordpress\/ -->\n<title>R\u00e4ttelse av idag tidigare kommunicerat pressmeddelande - Midsummer<\/title>\n<meta name=\"robots\" content=\"index, follow, max-snippet:-1, max-image-preview:large, max-video-preview:-1\" \/>\n<link rel=\"canonical\" href=\"https:\/\/midsummer.se\/en\/mfn_news\/rattelse-av-idag-tidigare-kommunicerat-pressmeddelande\/\" \/>\n<meta property=\"og:locale\" content=\"en_US\" \/>\n<meta property=\"og:type\" content=\"article\" \/>\n<meta property=\"og:title\" content=\"R\u00e4ttelse av idag tidigare kommunicerat pressmeddelande - Midsummer\" \/>\n<meta property=\"og:description\" content=\"Bolaget offentliggjorde idag kl 9.00 att solenergif\u00f6retaget Midsummer expanderar: rekryterar ny produktionschef fr\u00e5n SaabDetta pressmeddelande angavs d\u00e5 utg\u00f6ra insiderinformation genom att...\" \/>\n<meta property=\"og:url\" content=\"https:\/\/midsummer.se\/en\/mfn_news\/rattelse-av-idag-tidigare-kommunicerat-pressmeddelande\/\" \/>\n<meta property=\"og:site_name\" content=\"Midsummer\" \/>\n<meta property=\"article:modified_time\" content=\"2023-10-27T06:10:03+00:00\" \/>\n<meta property=\"og:image\" content=\"https:\/\/midsummer.se\/wp-content\/uploads\/2024\/02\/2.png\" \/>\n\t<meta property=\"og:image:width\" content=\"1920\" \/>\n\t<meta property=\"og:image:height\" content=\"1280\" \/>\n\t<meta property=\"og:image:type\" content=\"image\/png\" \/>\n<meta name=\"twitter:card\" content=\"summary_large_image\" \/>\n<meta name=\"twitter:label1\" content=\"Est. reading time\" \/>\n\t<meta name=\"twitter:data1\" content=\"1 minute\" \/>\n<script type=\"application\/ld+json\" class=\"yoast-schema-graph\">{\"@context\":\"https:\\\/\\\/schema.org\",\"@graph\":[{\"@type\":\"WebPage\",\"@id\":\"https:\\\/\\\/midsummer.se\\\/en\\\/mfn_news\\\/rattelse-av-idag-tidigare-kommunicerat-pressmeddelande\\\/\",\"url\":\"https:\\\/\\\/midsummer.se\\\/en\\\/mfn_news\\\/rattelse-av-idag-tidigare-kommunicerat-pressmeddelande\\\/\",\"name\":\"R\u00e4ttelse av idag tidigare kommunicerat pressmeddelande - Midsummer\",\"isPartOf\":{\"@id\":\"https:\\\/\\\/midsummer.se\\\/en\\\/#website\"},\"datePublished\":\"2018-08-20T08:44:00+00:00\",\"dateModified\":\"2023-10-27T06:10:03+00:00\",\"breadcrumb\":{\"@id\":\"https:\\\/\\\/midsummer.se\\\/en\\\/mfn_news\\\/rattelse-av-idag-tidigare-kommunicerat-pressmeddelande\\\/#breadcrumb\"},\"inLanguage\":\"en-US\",\"potentialAction\":[{\"@type\":\"ReadAction\",\"target\":[\"https:\\\/\\\/midsummer.se\\\/en\\\/mfn_news\\\/rattelse-av-idag-tidigare-kommunicerat-pressmeddelande\\\/\"]}]},{\"@type\":\"BreadcrumbList\",\"@id\":\"https:\\\/\\\/midsummer.se\\\/en\\\/mfn_news\\\/rattelse-av-idag-tidigare-kommunicerat-pressmeddelande\\\/#breadcrumb\",\"itemListElement\":[{\"@type\":\"ListItem\",\"position\":1,\"name\":\"Hem\",\"item\":\"https:\\\/\\\/midsummer.se\\\/en\\\/\"},{\"@type\":\"ListItem\",\"position\":2,\"name\":\"MFN News Items\",\"item\":\"https:\\\/\\\/midsummer.se\\\/en\\\/mfn_news\\\/\"},{\"@type\":\"ListItem\",\"position\":3,\"name\":\"R\u00e4ttelse av idag tidigare kommunicerat pressmeddelande\"}]},{\"@type\":\"WebSite\",\"@id\":\"https:\\\/\\\/midsummer.se\\\/en\\\/#website\",\"url\":\"https:\\\/\\\/midsummer.se\\\/en\\\/\",\"name\":\"Midsummer\",\"description\":\"\",\"publisher\":{\"@id\":\"https:\\\/\\\/midsummer.se\\\/en\\\/#organization\"},\"potentialAction\":[{\"@type\":\"SearchAction\",\"target\":{\"@type\":\"EntryPoint\",\"urlTemplate\":\"https:\\\/\\\/midsummer.se\\\/en\\\/?s={search_term_string}\"},\"query-input\":{\"@type\":\"PropertyValueSpecification\",\"valueRequired\":true,\"valueName\":\"search_term_string\"}}],\"inLanguage\":\"en-US\"},{\"@type\":\"Organization\",\"@id\":\"https:\\\/\\\/midsummer.se\\\/en\\\/#organization\",\"name\":\"Midsummer\",\"url\":\"https:\\\/\\\/midsummer.se\\\/en\\\/\",\"logo\":{\"@type\":\"ImageObject\",\"inLanguage\":\"en-US\",\"@id\":\"https:\\\/\\\/midsummer.se\\\/en\\\/#\\\/schema\\\/logo\\\/image\\\/\",\"url\":\"https:\\\/\\\/midsummer.se\\\/wp-content\\\/uploads\\\/2020\\\/02\\\/MidSumLogo.svg\",\"contentUrl\":\"https:\\\/\\\/midsummer.se\\\/wp-content\\\/uploads\\\/2020\\\/02\\\/MidSumLogo.svg\",\"width\":335,\"height\":96,\"caption\":\"Midsummer\"},\"image\":{\"@id\":\"https:\\\/\\\/midsummer.se\\\/en\\\/#\\\/schema\\\/logo\\\/image\\\/\"}}]}<\/script>\n<!-- \/ Yoast SEO plugin. -->","yoast_head_json":{"title":"R\u00e4ttelse av idag tidigare kommunicerat pressmeddelande - Midsummer","robots":{"index":"index","follow":"follow","max-snippet":"max-snippet:-1","max-image-preview":"max-image-preview:large","max-video-preview":"max-video-preview:-1"},"canonical":"https:\/\/midsummer.se\/en\/mfn_news\/rattelse-av-idag-tidigare-kommunicerat-pressmeddelande\/","og_locale":"en_US","og_type":"article","og_title":"R\u00e4ttelse av idag tidigare kommunicerat pressmeddelande - Midsummer","og_description":"Bolaget offentliggjorde idag kl 9.00 att solenergif\u00f6retaget Midsummer expanderar: rekryterar ny produktionschef fr\u00e5n SaabDetta pressmeddelande angavs d\u00e5 utg\u00f6ra insiderinformation genom att...","og_url":"https:\/\/midsummer.se\/en\/mfn_news\/rattelse-av-idag-tidigare-kommunicerat-pressmeddelande\/","og_site_name":"Midsummer","article_modified_time":"2023-10-27T06:10:03+00:00","og_image":[{"width":1920,"height":1280,"url":"https:\/\/midsummer.se\/wp-content\/uploads\/2024\/02\/2.png","type":"image\/png"}],"twitter_card":"summary_large_image","twitter_misc":{"Est. reading time":"1 minute"},"schema":{"@context":"https:\/\/schema.org","@graph":[{"@type":"WebPage","@id":"https:\/\/midsummer.se\/en\/mfn_news\/rattelse-av-idag-tidigare-kommunicerat-pressmeddelande\/","url":"https:\/\/midsummer.se\/en\/mfn_news\/rattelse-av-idag-tidigare-kommunicerat-pressmeddelande\/","name":"R\u00e4ttelse av idag tidigare kommunicerat pressmeddelande - Midsummer","isPartOf":{"@id":"https:\/\/midsummer.se\/en\/#website"},"datePublished":"2018-08-20T08:44:00+00:00","dateModified":"2023-10-27T06:10:03+00:00","breadcrumb":{"@id":"https:\/\/midsummer.se\/en\/mfn_news\/rattelse-av-idag-tidigare-kommunicerat-pressmeddelande\/#breadcrumb"},"inLanguage":"en-US","potentialAction":[{"@type":"ReadAction","target":["https:\/\/midsummer.se\/en\/mfn_news\/rattelse-av-idag-tidigare-kommunicerat-pressmeddelande\/"]}]},{"@type":"BreadcrumbList","@id":"https:\/\/midsummer.se\/en\/mfn_news\/rattelse-av-idag-tidigare-kommunicerat-pressmeddelande\/#breadcrumb","itemListElement":[{"@type":"ListItem","position":1,"name":"Hem","item":"https:\/\/midsummer.se\/en\/"},{"@type":"ListItem","position":2,"name":"MFN News Items","item":"https:\/\/midsummer.se\/en\/mfn_news\/"},{"@type":"ListItem","position":3,"name":"R\u00e4ttelse av idag tidigare kommunicerat pressmeddelande"}]},{"@type":"WebSite","@id":"https:\/\/midsummer.se\/en\/#website","url":"https:\/\/midsummer.se\/en\/","name":"Midsummer","description":"","publisher":{"@id":"https:\/\/midsummer.se\/en\/#organization"},"potentialAction":[{"@type":"SearchAction","target":{"@type":"EntryPoint","urlTemplate":"https:\/\/midsummer.se\/en\/?s={search_term_string}"},"query-input":{"@type":"PropertyValueSpecification","valueRequired":true,"valueName":"search_term_string"}}],"inLanguage":"en-US"},{"@type":"Organization","@id":"https:\/\/midsummer.se\/en\/#organization","name":"Midsummer","url":"https:\/\/midsummer.se\/en\/","logo":{"@type":"ImageObject","inLanguage":"en-US","@id":"https:\/\/midsummer.se\/en\/#\/schema\/logo\/image\/","url":"https:\/\/midsummer.se\/wp-content\/uploads\/2020\/02\/MidSumLogo.svg","contentUrl":"https:\/\/midsummer.se\/wp-content\/uploads\/2020\/02\/MidSumLogo.svg","width":335,"height":96,"caption":"Midsummer"},"image":{"@id":"https:\/\/midsummer.se\/en\/#\/schema\/logo\/image\/"}}]}},"_links":{"self":[{"href":"https:\/\/midsummer.se\/en\/wp-json\/wp\/v2\/mfn_news\/15431","targetHints":{"allow":["GET"]}}],"collection":[{"href":"https:\/\/midsummer.se\/en\/wp-json\/wp\/v2\/mfn_news"}],"about":[{"href":"https:\/\/midsummer.se\/en\/wp-json\/wp\/v2\/types\/mfn_news"}],"wp:attachment":[{"href":"https:\/\/midsummer.se\/en\/wp-json\/wp\/v2\/media?parent=15431"}],"curies":[{"name":"wp","href":"https:\/\/api.w.org\/{rel}","templated":true}]}}