{"id":15400,"date":"2019-09-30T08:55:00","date_gmt":"2019-09-30T06:55:00","guid":{"rendered":"http:\/\/develope.midsummersolarroofs.se\/mfn_news\/solenergiforetaget-midsummer-forstarker-salj-och-marknadsavdelningen-for-solpaneler-och-integrerade-solcellstak\/"},"modified":"2023-10-27T08:09:52","modified_gmt":"2023-10-27T06:09:52","slug":"solenergiforetaget-midsummer-forstarker-salj-och-marknadsavdelningen-for-solpaneler-och-integrerade-solcellstak","status":"publish","type":"mfn_news","link":"https:\/\/midsummer.se\/en\/mfn_news\/solenergiforetaget-midsummer-forstarker-salj-och-marknadsavdelningen-for-solpaneler-och-integrerade-solcellstak\/","title":{"rendered":"Solenergif\u00f6retaget Midsummer f\u00f6rst\u00e4rker s\u00e4lj- och marknadsavdelningen f\u00f6r solpaneler och integrerade solcellstak"},"content":{"rendered":"<div class=\"mfn-preamble\"><strong>Solenergif\u00f6retaget\u00a0Midsummer\u00a0(http:\/\/www.midsummer.se\/), en av v\u00e4rldens ledande utvecklare och leverant\u00f6rer av avancerade l\u00f6sningar inom solenergi, har ut\u00f6kat sin s\u00e4lj- och marknadsavdelning med fyra nya kompetenser f\u00f6r att ytterligare st\u00e4rka sin position f\u00f6r det integrerade solcellstaket\u00a0Midsummer solar roofs\u00a0(https:\/\/midsummersolarroofs.se\/)\u00a0och solpaneler.<\/strong><\/div><p><span><span>Midsummer ut\u00f6kar s\u00e4lj- och marknadsavdelning med tre nya s\u00e4ljare och en marknadschef f\u00f6r Midsummer solar roofs. Med den nya avdelningen p\u00e5 plats kommer Midsummer att ytterligare f\u00f6rst\u00e4rka sin ledande position p\u00e5 den svenska marknaden f\u00f6r solpaneler och integrerade solcellstak.<\/span><\/span><\/p>\n\n<p><span><span>F\u00f6rs\u00e4ljnings- och marknadsavdelningen har adderats med fyra nya kompetenser:<\/span><\/span><\/p>\n\n<ul>\n\t<li><span><span><a href=\"https:\/\/www.linkedin.com\/in\/brinkjoel\/\" rel=\"nofollow\"><span><span>Joel Brink<\/span><\/span><\/a>\u00a0b\u00f6rjar som marknadschef f\u00f6r Midsummer. Joel kommer senast fr\u00e5n en tj\u00e4nst som Retail performance &amp; Employer Branding Manager p\u00e5 BMW och har en examen i Internationell marknadsf\u00f6ring fr\u00e5n \u00c5bo Akademi University, School of Business and Economics.<\/span><\/span><\/li>\n\t<li><span><span><a href=\"https:\/\/www.linkedin.com\/in\/lars-norrman-98245925\/\" rel=\"nofollow\"><span><span>Lars Norrman<\/span><\/span><\/a>\u00a0har anst\u00e4llts som europeisk s\u00e4ljare av solpaneler. Lars har mer \u00e4n 15 \u00e5rs erfarenhet av f\u00f6rs\u00e4ljning och internationell marknadsf\u00f6ring av svenska produkter och tj\u00e4nster och svensk teknik. Han kommer senast fr\u00e5n en roll som f\u00f6rs\u00e4ljningschef med ansvar f\u00f6r aff\u00e4rsutveckling och f\u00f6rs\u00e4ljning inom aff\u00e4rsomr\u00e5dena SunCool, termiska solpaneler och Enerstore, energilagring i salt, med fokus p\u00e5 Europa och Latinamerika.<\/span><\/span><\/li>\n\t<li><span><span><a href=\"https:\/\/www.linkedin.com\/in\/mikael-lindstr%C3%B6m-bab49a122\/\" rel=\"nofollow\"><span><span>Mikael Lindstr\u00f6m<\/span><\/span><\/a>\u00a0b\u00f6rjar som s\u00e4ljare av Midsummer solar roofs mot privatpersoner p\u00e5 den svenska marknaden. Mikael kommer senast fr\u00e5n en tj\u00e4nst inom s\u00e4ljst\u00f6d\/IT\/Projekt p\u00e5 Hj\u00e4ltevadshus AB.<\/span><\/span><\/li>\n\t<li><span><span><a href=\"https:\/\/www.linkedin.com\/in\/daniel-m%C3%A5n%C3%A9r-21a81315b\/\" rel=\"nofollow\"><span><span>Daniel M\u00e5n\u00e9r<\/span><\/span><\/a>\u00a0b\u00f6rjar \u00e4ven han som s\u00e4ljare av Midsummer solar roofs, mot f\u00f6retagskunder p\u00e5 den svenska marknaden. Daniel kommer fr\u00e5n en tj\u00e4nst som f\u00f6retagss\u00e4ljare och storkundsansvarig p\u00e5 Bauhaus &amp; Co KB.<\/span><\/span><\/li>\n<\/ul>\n\n<p><span><span>F\u00f6rs\u00e4ljnings- och marknadsfokuset f\u00f6r Midsummer solar roofs, Sveriges snyggaste integrerade solcellstak, \u00e4r fortsatt den svenska privat- och f\u00f6retagsmarknaden. \u00c4ven f\u00f6rs\u00e4ljning av tunnfilmssolceller st\u00e4rks med fokus p\u00e5 den europeiska marknaden f\u00f6r membran- och pl\u00e5ttak till industri- och kommersiella fastigheter.<\/span><\/span><\/p>\n\n<p><span><span>&#8211; Det k\u00e4nns fantastiskt roligt att ta ha v\u00e5ra nya, kompetenta och inspirerade medarbetare ombord. Vi har haft ett stort intresse fr\u00e5n marknaden och kommer nu kunna svara \u00e4nnu b\u00e4ttre mot det, ytterligare st\u00e4rka varum\u00e4rket och utveckla starkare kundrelationer, s\u00e4ger Christoffer L\u00f6fquist, F\u00f6rs\u00e4ljningschef f\u00f6r integrerade solcelltak och solpaneler.<\/span><\/span><\/p>\n\n<p><span><span>Midsummer \u00e4r en ledande utvecklare och leverant\u00f6r av avancerade l\u00f6sningar inom solenergi f\u00f6r produktion och installation av tunnfilmssolceller och ocks\u00e5 ett ledande svenskt tillv\u00e4xt- och exportf\u00f6retag. Det unika\u00a0<a href=\"https:\/\/midsummer.se\/products\/duo-turnkey-system\/\" rel=\"nofollow\">DUO-systemet<\/a>\u00a0har tagit positionen som det mest spridda tillverkningsverktyget f\u00f6r flexibla CIGS-solceller i v\u00e4rlden.<\/span><\/span><\/p>\n\n<p><strong><span><span>F\u00f6r bilder p\u00e5 de nyanst\u00e4llda, v\u00e4nligen bes\u00f6k:\u00a0<\/span><\/span><\/strong><a href=\"http:\/\/midsummer.se\/press\/media-gallery\/\" rel=\"nofollow\"><strong><span><span>http:\/\/midsummer.se\/press\/media-gallery\/<\/span><\/span><\/strong><\/a><\/p>\n\n<p><strong><span><span>30 september 2019<\/span><\/span><\/strong><\/p>\n\n<p><strong><em><span><span>F\u00f6r ytterligare information v\u00e4nligen kontakta:<\/span><\/span><\/em><\/strong><\/p>\n\n<p><span><span>Sven Lindstr\u00f6m<br\/>\nVD, Midsummer<br\/>\nEpost:\u00a0<a href=\"mailto:sven.lindstrom@midsummer.se\" rel=\"nofollow\">sven.lindstrom@midsummer.se<\/a><br\/>\nTelefon: +46-8-525 09 610<\/span><\/span><\/p>\n\n<p><strong><span><span>Om Midsummer<\/span><\/span><\/strong><\/p>\n\n<p><span><span>Midsummer \u00e4r en ledande svensk utvecklare och leverant\u00f6r av avancerade l\u00f6sningar f\u00f6r produktion och installation av tunnfilmssolceller. F\u00f6retagets erbjudande inkluderar utrustning f\u00f6r kostnadseffektiv tillverkning av tunnfilmssolceller samt byggintegrerade solceller (BIPV). Midsummers tillverkningsprocess f\u00f6r tunnfilmssolceller har ett minimalt koldioxidavtryck j\u00e4mf\u00f6rt med andra produktionsprocesser f\u00f6r solpaneler. Det unika\u00a0<a href=\"https:\/\/midsummer.se\/products\/duo-turnkey-system\/\" rel=\"nofollow\">DUO-systemet<\/a>\u00a0har tagit positionen som det mest spridda tillverkningsverktyget f\u00f6r flexibla CIGS-solceller i v\u00e4rlden.<\/span><\/span><\/p>\n\n<p><span><span>Midsummer utvecklar och s\u00e4ljer solpaneler direkt till slutmarknaden fr\u00e5n egen produktion och via kontraktstillverkare. Det energiproducerande pl\u00e5ttaket\u00a0<a href=\"https:\/\/midsummersolarroofs.se\/\" rel=\"nofollow\">Midsummer solar roofs<\/a>\u00a0levereras med integrerade solpaneler f\u00f6r enkel installation. Midsummers l\u00e4tta, tunna och flexibla solpaneler ger ett estetiskt tilltalande solcellstak som \u00e4ven h\u00e5ller att g\u00e5 p\u00e5.<\/span><\/span><\/p>\n\n<p><span><span>Midsummers teknik bygger p\u00e5 en snabb process f\u00f6r produktion av flexibla tunnfilmssolceller med sputtering av alla lager i solcellen i en obruten vakuumkedja. Bolagets aktie (MIDS) \u00e4r f\u00f6rem\u00e5l f\u00f6r handel p\u00e5 Nasdaq First North Growth Market. Certified Adviser \u00e4r G&amp;W Fondkommission, tel: 08-503 000 50, e-post:\u00a0<a href=\"mailto:ca@gwkapital.se\" rel=\"nofollow\">ca@gwkapital.se<\/a>. F\u00f6r mer information, v\u00e4nligen bes\u00f6k:\u00a0<a href=\"https:\/\/midsummer.se\/\" rel=\"nofollow\">https:\/\/midsummer.se<\/a><\/span><\/span><\/p><div class=\"mfn-footer\"><\/div>","protected":false},"excerpt":{"rendered":"<p>Solenergif\u00f6retaget\u00a0Midsummer\u00a0(http:\/\/www.midsummer.se\/), en av v\u00e4rldens ledande utvecklare och leverant\u00f6rer av avancerade l\u00f6sningar inom solenergi, har ut\u00f6kat sin s\u00e4lj- och marknadsavdelning med fyra<span class=\"more\">&#8230;<\/span><\/p>\n","protected":false},"template":"","class_list":["post-15400","mfn_news","type-mfn_news","status-publish","hentry","mfn-news-tag-mfn-ci_sv","mfn-news-tag-mfn-type-ir_sv","mfn-news-tag-mfn_sv","mfn-news-tag-mfn-ci-other_sv","mfn-news-tag-mfn-lang-sv_sv"],"acf":[],"yoast_head":"<!-- This site is optimized with the Yoast SEO plugin v27.5 - https:\/\/yoast.com\/product\/yoast-seo-wordpress\/ -->\n<title>Solenergif\u00f6retaget Midsummer f\u00f6rst\u00e4rker s\u00e4lj- och marknadsavdelningen f\u00f6r solpaneler och integrerade solcellstak - Midsummer<\/title>\n<meta name=\"robots\" content=\"index, follow, max-snippet:-1, max-image-preview:large, max-video-preview:-1\" \/>\n<link rel=\"canonical\" href=\"https:\/\/midsummer.se\/en\/mfn_news\/solenergiforetaget-midsummer-forstarker-salj-och-marknadsavdelningen-for-solpaneler-och-integrerade-solcellstak\/\" \/>\n<meta property=\"og:locale\" content=\"en_US\" \/>\n<meta property=\"og:type\" content=\"article\" \/>\n<meta property=\"og:title\" content=\"Solenergif\u00f6retaget Midsummer f\u00f6rst\u00e4rker s\u00e4lj- och marknadsavdelningen f\u00f6r solpaneler och integrerade solcellstak - Midsummer\" \/>\n<meta property=\"og:description\" content=\"Solenergif\u00f6retaget\u00a0Midsummer\u00a0(http:\/\/www.midsummer.se\/), en av v\u00e4rldens ledande utvecklare och leverant\u00f6rer av avancerade l\u00f6sningar inom solenergi, har ut\u00f6kat sin s\u00e4lj- och marknadsavdelning med fyra...\" \/>\n<meta property=\"og:url\" content=\"https:\/\/midsummer.se\/en\/mfn_news\/solenergiforetaget-midsummer-forstarker-salj-och-marknadsavdelningen-for-solpaneler-och-integrerade-solcellstak\/\" \/>\n<meta property=\"og:site_name\" content=\"Midsummer\" \/>\n<meta property=\"article:modified_time\" content=\"2023-10-27T06:09:52+00:00\" \/>\n<meta property=\"og:image\" content=\"https:\/\/midsummer.se\/wp-content\/uploads\/2024\/02\/2.png\" \/>\n\t<meta property=\"og:image:width\" content=\"1920\" \/>\n\t<meta property=\"og:image:height\" content=\"1280\" \/>\n\t<meta property=\"og:image:type\" content=\"image\/png\" \/>\n<meta name=\"twitter:card\" content=\"summary_large_image\" \/>\n<meta name=\"twitter:label1\" content=\"Est. reading time\" \/>\n\t<meta name=\"twitter:data1\" content=\"3 minutes\" \/>\n<script type=\"application\/ld+json\" class=\"yoast-schema-graph\">{\"@context\":\"https:\\\/\\\/schema.org\",\"@graph\":[{\"@type\":\"WebPage\",\"@id\":\"https:\\\/\\\/midsummer.se\\\/en\\\/mfn_news\\\/solenergiforetaget-midsummer-forstarker-salj-och-marknadsavdelningen-for-solpaneler-och-integrerade-solcellstak\\\/\",\"url\":\"https:\\\/\\\/midsummer.se\\\/en\\\/mfn_news\\\/solenergiforetaget-midsummer-forstarker-salj-och-marknadsavdelningen-for-solpaneler-och-integrerade-solcellstak\\\/\",\"name\":\"Solenergif\u00f6retaget Midsummer f\u00f6rst\u00e4rker s\u00e4lj- och marknadsavdelningen f\u00f6r solpaneler och integrerade solcellstak - Midsummer\",\"isPartOf\":{\"@id\":\"https:\\\/\\\/midsummer.se\\\/en\\\/#website\"},\"datePublished\":\"2019-09-30T06:55:00+00:00\",\"dateModified\":\"2023-10-27T06:09:52+00:00\",\"breadcrumb\":{\"@id\":\"https:\\\/\\\/midsummer.se\\\/en\\\/mfn_news\\\/solenergiforetaget-midsummer-forstarker-salj-och-marknadsavdelningen-for-solpaneler-och-integrerade-solcellstak\\\/#breadcrumb\"},\"inLanguage\":\"en-US\",\"potentialAction\":[{\"@type\":\"ReadAction\",\"target\":[\"https:\\\/\\\/midsummer.se\\\/en\\\/mfn_news\\\/solenergiforetaget-midsummer-forstarker-salj-och-marknadsavdelningen-for-solpaneler-och-integrerade-solcellstak\\\/\"]}]},{\"@type\":\"BreadcrumbList\",\"@id\":\"https:\\\/\\\/midsummer.se\\\/en\\\/mfn_news\\\/solenergiforetaget-midsummer-forstarker-salj-och-marknadsavdelningen-for-solpaneler-och-integrerade-solcellstak\\\/#breadcrumb\",\"itemListElement\":[{\"@type\":\"ListItem\",\"position\":1,\"name\":\"Hem\",\"item\":\"https:\\\/\\\/midsummer.se\\\/en\\\/\"},{\"@type\":\"ListItem\",\"position\":2,\"name\":\"MFN News Items\",\"item\":\"https:\\\/\\\/midsummer.se\\\/en\\\/mfn_news\\\/\"},{\"@type\":\"ListItem\",\"position\":3,\"name\":\"Solenergif\u00f6retaget Midsummer f\u00f6rst\u00e4rker s\u00e4lj- och marknadsavdelningen f\u00f6r solpaneler och integrerade solcellstak\"}]},{\"@type\":\"WebSite\",\"@id\":\"https:\\\/\\\/midsummer.se\\\/en\\\/#website\",\"url\":\"https:\\\/\\\/midsummer.se\\\/en\\\/\",\"name\":\"Midsummer\",\"description\":\"\",\"publisher\":{\"@id\":\"https:\\\/\\\/midsummer.se\\\/en\\\/#organization\"},\"potentialAction\":[{\"@type\":\"SearchAction\",\"target\":{\"@type\":\"EntryPoint\",\"urlTemplate\":\"https:\\\/\\\/midsummer.se\\\/en\\\/?s={search_term_string}\"},\"query-input\":{\"@type\":\"PropertyValueSpecification\",\"valueRequired\":true,\"valueName\":\"search_term_string\"}}],\"inLanguage\":\"en-US\"},{\"@type\":\"Organization\",\"@id\":\"https:\\\/\\\/midsummer.se\\\/en\\\/#organization\",\"name\":\"Midsummer\",\"url\":\"https:\\\/\\\/midsummer.se\\\/en\\\/\",\"logo\":{\"@type\":\"ImageObject\",\"inLanguage\":\"en-US\",\"@id\":\"https:\\\/\\\/midsummer.se\\\/en\\\/#\\\/schema\\\/logo\\\/image\\\/\",\"url\":\"https:\\\/\\\/midsummer.se\\\/wp-content\\\/uploads\\\/2020\\\/02\\\/MidSumLogo.svg\",\"contentUrl\":\"https:\\\/\\\/midsummer.se\\\/wp-content\\\/uploads\\\/2020\\\/02\\\/MidSumLogo.svg\",\"width\":335,\"height\":96,\"caption\":\"Midsummer\"},\"image\":{\"@id\":\"https:\\\/\\\/midsummer.se\\\/en\\\/#\\\/schema\\\/logo\\\/image\\\/\"}}]}<\/script>\n<!-- \/ Yoast SEO plugin. -->","yoast_head_json":{"title":"Solenergif\u00f6retaget Midsummer f\u00f6rst\u00e4rker s\u00e4lj- och marknadsavdelningen f\u00f6r solpaneler och integrerade solcellstak - Midsummer","robots":{"index":"index","follow":"follow","max-snippet":"max-snippet:-1","max-image-preview":"max-image-preview:large","max-video-preview":"max-video-preview:-1"},"canonical":"https:\/\/midsummer.se\/en\/mfn_news\/solenergiforetaget-midsummer-forstarker-salj-och-marknadsavdelningen-for-solpaneler-och-integrerade-solcellstak\/","og_locale":"en_US","og_type":"article","og_title":"Solenergif\u00f6retaget Midsummer f\u00f6rst\u00e4rker s\u00e4lj- och marknadsavdelningen f\u00f6r solpaneler och integrerade solcellstak - Midsummer","og_description":"Solenergif\u00f6retaget\u00a0Midsummer\u00a0(http:\/\/www.midsummer.se\/), en av v\u00e4rldens ledande utvecklare och leverant\u00f6rer av avancerade l\u00f6sningar inom solenergi, har ut\u00f6kat sin s\u00e4lj- och marknadsavdelning med fyra...","og_url":"https:\/\/midsummer.se\/en\/mfn_news\/solenergiforetaget-midsummer-forstarker-salj-och-marknadsavdelningen-for-solpaneler-och-integrerade-solcellstak\/","og_site_name":"Midsummer","article_modified_time":"2023-10-27T06:09:52+00:00","og_image":[{"width":1920,"height":1280,"url":"https:\/\/midsummer.se\/wp-content\/uploads\/2024\/02\/2.png","type":"image\/png"}],"twitter_card":"summary_large_image","twitter_misc":{"Est. reading time":"3 minutes"},"schema":{"@context":"https:\/\/schema.org","@graph":[{"@type":"WebPage","@id":"https:\/\/midsummer.se\/en\/mfn_news\/solenergiforetaget-midsummer-forstarker-salj-och-marknadsavdelningen-for-solpaneler-och-integrerade-solcellstak\/","url":"https:\/\/midsummer.se\/en\/mfn_news\/solenergiforetaget-midsummer-forstarker-salj-och-marknadsavdelningen-for-solpaneler-och-integrerade-solcellstak\/","name":"Solenergif\u00f6retaget Midsummer f\u00f6rst\u00e4rker s\u00e4lj- och marknadsavdelningen f\u00f6r solpaneler och integrerade solcellstak - Midsummer","isPartOf":{"@id":"https:\/\/midsummer.se\/en\/#website"},"datePublished":"2019-09-30T06:55:00+00:00","dateModified":"2023-10-27T06:09:52+00:00","breadcrumb":{"@id":"https:\/\/midsummer.se\/en\/mfn_news\/solenergiforetaget-midsummer-forstarker-salj-och-marknadsavdelningen-for-solpaneler-och-integrerade-solcellstak\/#breadcrumb"},"inLanguage":"en-US","potentialAction":[{"@type":"ReadAction","target":["https:\/\/midsummer.se\/en\/mfn_news\/solenergiforetaget-midsummer-forstarker-salj-och-marknadsavdelningen-for-solpaneler-och-integrerade-solcellstak\/"]}]},{"@type":"BreadcrumbList","@id":"https:\/\/midsummer.se\/en\/mfn_news\/solenergiforetaget-midsummer-forstarker-salj-och-marknadsavdelningen-for-solpaneler-och-integrerade-solcellstak\/#breadcrumb","itemListElement":[{"@type":"ListItem","position":1,"name":"Hem","item":"https:\/\/midsummer.se\/en\/"},{"@type":"ListItem","position":2,"name":"MFN News Items","item":"https:\/\/midsummer.se\/en\/mfn_news\/"},{"@type":"ListItem","position":3,"name":"Solenergif\u00f6retaget Midsummer f\u00f6rst\u00e4rker s\u00e4lj- och marknadsavdelningen f\u00f6r solpaneler och integrerade solcellstak"}]},{"@type":"WebSite","@id":"https:\/\/midsummer.se\/en\/#website","url":"https:\/\/midsummer.se\/en\/","name":"Midsummer","description":"","publisher":{"@id":"https:\/\/midsummer.se\/en\/#organization"},"potentialAction":[{"@type":"SearchAction","target":{"@type":"EntryPoint","urlTemplate":"https:\/\/midsummer.se\/en\/?s={search_term_string}"},"query-input":{"@type":"PropertyValueSpecification","valueRequired":true,"valueName":"search_term_string"}}],"inLanguage":"en-US"},{"@type":"Organization","@id":"https:\/\/midsummer.se\/en\/#organization","name":"Midsummer","url":"https:\/\/midsummer.se\/en\/","logo":{"@type":"ImageObject","inLanguage":"en-US","@id":"https:\/\/midsummer.se\/en\/#\/schema\/logo\/image\/","url":"https:\/\/midsummer.se\/wp-content\/uploads\/2020\/02\/MidSumLogo.svg","contentUrl":"https:\/\/midsummer.se\/wp-content\/uploads\/2020\/02\/MidSumLogo.svg","width":335,"height":96,"caption":"Midsummer"},"image":{"@id":"https:\/\/midsummer.se\/en\/#\/schema\/logo\/image\/"}}]}},"_links":{"self":[{"href":"https:\/\/midsummer.se\/en\/wp-json\/wp\/v2\/mfn_news\/15400","targetHints":{"allow":["GET"]}}],"collection":[{"href":"https:\/\/midsummer.se\/en\/wp-json\/wp\/v2\/mfn_news"}],"about":[{"href":"https:\/\/midsummer.se\/en\/wp-json\/wp\/v2\/types\/mfn_news"}],"wp:attachment":[{"href":"https:\/\/midsummer.se\/en\/wp-json\/wp\/v2\/media?parent=15400"}],"curies":[{"name":"wp","href":"https:\/\/api.w.org\/{rel}","templated":true}]}}