{"id":15388,"date":"2020-02-19T08:30:00","date_gmt":"2020-02-19T07:30:00","guid":{"rendered":"http:\/\/develope.midsummersolarroofs.se\/mfn_news\/midsummer-abs-bokslutskommunike-2019\/"},"modified":"2023-10-27T08:09:48","modified_gmt":"2023-10-27T06:09:48","slug":"midsummer-abs-bokslutskommunike-2019","status":"publish","type":"mfn_news","link":"https:\/\/midsummer.se\/en\/mfn_news\/midsummer-abs-bokslutskommunike-2019\/","title":{"rendered":"Midsummer ABs bokslutskommunik\u00e9 2019"},"content":{"rendered":"<div class=\"mfn-preamble\"><strong>Solenergif\u00f6retaget Midsummer AB (publ) presenterar idag sin bokslutskommunik\u00e9 f\u00f6r 2019. Nettooms\u00e4ttningen f\u00f6r koncernen uppgick till 184,5 miljoner kronor med ett r\u00f6relseresultat p\u00e5 -23,1 miljoner kronor. Bolaget har under det fj\u00e4rde kvartalet bland annat invigt en ny forsknings- och utvecklingsanl\u00e4ggning tillsammans med en ny produktionslina f\u00f6r integrerade solcellstak, mottagit ny order p\u00e5 tv\u00e5 DUO-system fr\u00e5n europeisk kund samt gjort en f\u00f6rsta installation av solpanelen Wave.<\/strong><\/div><p><span><span>Midsummer uppvisar en nettooms\u00e4ttning f\u00f6r det fj\u00e4rde kvartalet 2019 p\u00e5 28,8 MSEK. Nettooms\u00e4ttningen f\u00f6r hel\u00e5ret 2019 uppgick till 184,5 MSEK. Koncernens r\u00f6relseresultat f\u00f6r 2019s sista tre m\u00e5nader blev -16,0 MSEK. Motsvarande siffra f\u00f6r hela \u00e5ret blev -23,1 MSEK.<br\/>\n<br\/>\nI samband med halv\u00e5rsrapporten 2019 \u00e4ndrade Midsummer redovisningsprinciper fr\u00e5n K3 till IFRS, vilket g\u00f6r att principen f\u00f6r int\u00e4ktsf\u00f6ring skiljer sig j\u00e4mf\u00f6rt med tidigare finansiella rapporter. <span><span>Omr\u00e4knat till RFR 2 gjorde bolaget under 2018 ett r\u00f6relseresultat p\u00e5 +12,2 MSEK med en nettooms\u00e4ttning p\u00e5 178,4 MSEK, men detta \u00e4r s\u00e5ledes inte direkt j\u00e4mf\u00f6rbart med dagens siffror.<\/span><\/span><br\/>\n<br\/>\n<span>Det negativa resultatet i det fj\u00e4rde kvartalet beror p\u00e5 l\u00e4gre int\u00e4kter fr\u00e5n maskinf\u00f6rs\u00e4ljning j\u00e4mf\u00f6rt med f\u00f6reg\u00e5ende \u00e5r, samtidigt som kostnaderna har \u00f6kat i samband med produktionsstarten av Midsummers nya produktionslina f\u00f6r solpaneler. Dollarns f\u00f6rsvagning under det fj\u00e4rde kvartalet gav \u00e4ven en resultatp\u00e5verkan om -5,5 MSEK p\u00e5 kvartalet, d\u00e5 avtalstillg\u00e5ngarnas v\u00e4rde i kronor minskade med detta belopp.<\/span><\/span><\/span><\/p>\n\n<p><img decoding=\"async\" alt=\"Midsummer ABs VD Sven Lindstrm i produktionsanlggningen i Jrflla\" src=\"https:\/\/mb.cision.com\/Public\/19047\/3038131\/b3ce184f8561b638_800x800ar.jpg\"\/><br\/>\n<br\/>\n<span><span><span><strong><span>VD Sven Lindstr\u00f6m kommenterar:<\/span><\/strong><\/span><br\/>\n<span>\u201dEtt uppskattat evenemang med astronaut Christer Fuglesang som s\u00e4rskild g\u00e4st invigde b\u00e5de det fj\u00e4rde kvartalet och den nya forsknings- och produktionsanl\u00e4ggningen f\u00f6r solpaneler i v\u00e5ra lokaler i J\u00e4rf\u00e4lla. H\u00e4r har vi ocks\u00e5 rampat upp produktionen f\u00f6r att m\u00f6ta den stora efterfr\u00e5gan p\u00e5 Midsummers solpaneler som \u00f6verraskat oss p\u00e5 ett positivt s\u00e4tt. Samtidigt som vi ut\u00f6kar antalet skift p\u00e5 plats i J\u00e4rf\u00e4lla st\u00e5r det klart att vi \u00e4r i behov av mer produktionskapacitet i Europa.<br\/>\n<br\/>\nD\u00e4rf\u00f6r k\u00e4ndes det mycket bra att i december f\u00e5 offentligg\u00f6ra den f\u00f6rsta aff\u00e4ren baserad p\u00e5 v\u00e5r gr\u00f6na obligation. Den europiska kunden k\u00f6pte tv\u00e5 DUO-system som kan v\u00e4ntas b\u00f6rja f\u00f6rse Midsummer med solpaneler kring \u00e5rsskiftet 2020-2021. En mindre del av denna maskinf\u00f6rs\u00e4ljning int\u00e4ktsf\u00f6rdes under Q4 2019, men den st\u00f6rsta delen kommer att int\u00e4ktsf\u00f6ras under 2020. <\/span><\/span><\/span><\/p>\n\n<p><span><span><strong><span><span>Produktion i Sverige och Europa \u00e4r v\u00e4gen att g\u00e5<\/span><\/span><\/strong><\/span><br\/>\n<span><span>Allt sedan utgivningen av den gr\u00f6na obligationen har Midsummer haft en plan om att vid behov k\u00f6pa delar av v\u00e5ra maskinkunders produktion som komplement till v\u00e5r egna produktion i J\u00e4rf\u00e4lla. I b\u00f6rjan av januari bes\u00f6kte jag flera maskinkunder i Kina som bekr\u00e4ftade att de kunde b\u00f6rja leverera solpaneler till oss som en del i att m\u00f6ta v\u00e5ra omedelbara behov. Dessa leveranser, som var planerade till b\u00f6rjan av februari, \u00e4r f\u00f6r tillf\u00e4llet f\u00f6rdr\u00f6jda p\u00e5 grund av det nya corona-viruset.<br\/>\n<br\/>\nMidsummer har l\u00e4nge identifierat uppbyggnaden av en produktion i Sverige och Europa som den h\u00e5llbara och sj\u00e4lvklara v\u00e4gen att g\u00e5 f\u00f6r hela marknaden. \u00c4ven om ovanst\u00e5ende f\u00f6rsening p\u00e5verkar oss ytterst marginellt st\u00e4rker de generella effekterna av corona-viruset oss \u00e4n mer i den uppfattningen.<\/span><\/span><br\/>\n<br\/>\n<span><strong><span><span>I\u00f6gonfallande osynliga solpaneler<\/span><\/span><\/strong><\/span><br\/>\n<span><span>Sedan b\u00f6rjan av 2020 har vi sett ett exponentiellt \u00f6kat intresse f\u00f6r v\u00e5ra solcellsl\u00f6sningar som beaktar b\u00e5de design och funktionalitet. Detta m\u00e4rks bland annat i \u00f6kat antal f\u00f6rfr\u00e5gningar p\u00e5 v\u00e5r hemsida midsummersolarroofs.se och starkt redaktionellt genomslag i flertalet nationella och internationella medier. F\u00f6r att m\u00f6ta detta \u00f6kade intresse jobbar v\u00e5r s\u00e4ljorganisation p\u00e5 h\u00f6gvarv och kommer inom kort v\u00e4xa ytterligare. Ett annat h\u00e4rligt bevis upplevde vi under v\u00e5r medverkan p\u00e5 eCar Expo Stockholm i b\u00f6rjan av februari d\u00e4r v\u00e5r monter var fylld till bredden av intresserade bes\u00f6kare fr\u00e5n \u00f6ppning till st\u00e4ngning. St\u00f6rst uppm\u00e4rksamhet fick v\u00e5r v\u00e5giga solpanel Midsummer Wave, som integreras i vanliga takpannor och d\u00e4rmed skapar ett i princip onsynligt intryck.<br\/>\n<br\/>\nUt\u00f6ver att st\u00e4rka s\u00e4ljorganisationen siktar vi under \u00e5ret \u00e4ven p\u00e5 att bygga upp en organisation f\u00f6r certifierade installat\u00f6rer som kan hj\u00e4lpa v\u00e5ra egna installat\u00f6rer. Allt som en del i att f\u00f6renkla ytterligare f\u00f6r v\u00e5ra solpanelskunder och forts\u00e4tta etablera Midsummer som det sj\u00e4lvklara valet f\u00f6r alla som vill ha solpaneler som b\u00e5de \u00e4r exklusivt snygga, klimatsmart h\u00e5llbara och smidiga att installera.\u201d<br\/>\n<br\/>\n<strong>Viktiga h\u00e4ndelser oktober \u2013 december 2019<\/strong><\/span><\/span><\/span><br\/>\n\u00a0<\/p>\n\n<ul>\n\t<li>\n\t<p><span><span><span>Midsummer inleder forsknings- och utvecklingsanl\u00e4ggning samt ny produktionslina i anl\u00e4ggningen i J\u00e4rf\u00e4lla.<\/span><\/span><\/span><\/p>\n\t<\/li>\n\t<li>\n\t<p><span><span><span>\u00d6kad effekt p\u00e5 Midsummer Solar Roofs<\/span><\/span><\/span><\/p>\n\t<\/li>\n\t<li>\n\t<p><span><span><span>Maskinorder fr\u00e5n europeisk kund p\u00e5 tv\u00e5 DUO system<\/span><\/span><\/span><\/p>\n\t<\/li>\n\t<li>\n\t<p><span><span><span>Institutioner och styrelseordf\u00f6rande f\u00f6rv\u00e4rvar aktier av Midsummers grundare<\/span><\/span><\/span><\/p>\n\t<\/li>\n\t<li>\n\t<p><span><span><span>F\u00f6rsta installationen av solpanelen Wave<\/span><\/span><\/span><\/p>\n\t<\/li>\n<\/ul>\n\n<p>\u00a0<\/p>\n\n<p><span><span><span>Bokslutskommunik\u00e9n finns att l\u00e4sa i sin helhet p\u00e5 Midsummers IR-sida under <\/span><\/span><a href=\"https:\/\/midsummer.se\/ir\/finansiella-rapporter\/\" rel=\"nofollow\"><span>Finansiella Rapporter<\/span><\/a><span><span>.<\/span><\/span><\/span><\/p>\n\n<p><br\/>\n<span><em><span>Denna information \u00e4r s\u00e5dan information som Midsummer AB (publ) \u00e4r skyldigt att offentligg\u00f6ra enligt EU:s marknadsmissbruksf\u00f6rordning. Informationen l\u00e4mnades, genom nedanst\u00e5ende kontaktpersons f\u00f6rsorg, f\u00f6r offentligg\u00f6rande 08:30 CET den 19 februari 2020.<\/span><\/em><\/span><\/p><div class=\"mfn-footer\"><p><strong><span><span>Kontaktperson:<\/span><\/span><\/strong><\/p>\n\n<p><span><span>Helena Engelbrecht<br>\nKommunikationschef, Midsummer<br>\nEpost: <a href=\"mailto:helena.engelbrecht@midsummer.se\" rel=\"nofollow\">helena.engelbrecht@midsummer.se<\/a><br>\nTelefon: +46 73\u00a0532 25 29<\/span><\/span><\/p><\/div>","protected":false},"excerpt":{"rendered":"<p>Solenergif\u00f6retaget Midsummer AB (publ) presenterar idag sin bokslutskommunik\u00e9 f\u00f6r 2019. Nettooms\u00e4ttningen f\u00f6r koncernen uppgick till 184,5 miljoner kronor med ett r\u00f6relseresultat<span class=\"more\">&#8230;<\/span><\/p>\n","protected":false},"template":"","class_list":["post-15388","mfn_news","type-mfn_news","status-publish","hentry","mfn-news-tag-mfn-report-interim-q4_sv","mfn-news-tag-mfn-report-interim_sv","mfn-news-tag-mfn-type-ir_sv","mfn-news-tag-mfn-regulatory-mar_sv","mfn-news-tag-mfn_sv","mfn-news-tag-mfn-report_sv","mfn-news-tag-mfn-regulatory_sv","mfn-news-tag-mfn-lang-sv_sv"],"acf":[],"yoast_head":"<!-- This site is optimized with the Yoast SEO plugin v27.5 - https:\/\/yoast.com\/product\/yoast-seo-wordpress\/ -->\n<title>Midsummer ABs bokslutskommunik\u00e9 2019 - Midsummer<\/title>\n<meta name=\"robots\" content=\"index, follow, max-snippet:-1, max-image-preview:large, max-video-preview:-1\" \/>\n<link rel=\"canonical\" href=\"https:\/\/midsummer.se\/en\/mfn_news\/midsummer-abs-bokslutskommunike-2019\/\" \/>\n<meta property=\"og:locale\" content=\"en_US\" \/>\n<meta property=\"og:type\" content=\"article\" \/>\n<meta property=\"og:title\" content=\"Midsummer ABs bokslutskommunik\u00e9 2019 - Midsummer\" \/>\n<meta property=\"og:description\" content=\"Solenergif\u00f6retaget Midsummer AB (publ) presenterar idag sin bokslutskommunik\u00e9 f\u00f6r 2019. Nettooms\u00e4ttningen f\u00f6r koncernen uppgick till 184,5 miljoner kronor med ett r\u00f6relseresultat...\" \/>\n<meta property=\"og:url\" content=\"https:\/\/midsummer.se\/en\/mfn_news\/midsummer-abs-bokslutskommunike-2019\/\" \/>\n<meta property=\"og:site_name\" content=\"Midsummer\" \/>\n<meta property=\"article:modified_time\" content=\"2023-10-27T06:09:48+00:00\" \/>\n<meta property=\"og:image\" content=\"https:\/\/mb.cision.com\/Public\/19047\/3038131\/b3ce184f8561b638_800x800ar.jpg\" \/>\n<meta name=\"twitter:card\" content=\"summary_large_image\" \/>\n<meta name=\"twitter:label1\" content=\"Est. reading time\" \/>\n\t<meta name=\"twitter:data1\" content=\"5 minutes\" \/>\n<script type=\"application\/ld+json\" class=\"yoast-schema-graph\">{\"@context\":\"https:\\\/\\\/schema.org\",\"@graph\":[{\"@type\":\"WebPage\",\"@id\":\"https:\\\/\\\/midsummer.se\\\/en\\\/mfn_news\\\/midsummer-abs-bokslutskommunike-2019\\\/\",\"url\":\"https:\\\/\\\/midsummer.se\\\/en\\\/mfn_news\\\/midsummer-abs-bokslutskommunike-2019\\\/\",\"name\":\"Midsummer ABs bokslutskommunik\u00e9 2019 - Midsummer\",\"isPartOf\":{\"@id\":\"https:\\\/\\\/midsummer.se\\\/en\\\/#website\"},\"primaryImageOfPage\":{\"@id\":\"https:\\\/\\\/midsummer.se\\\/en\\\/mfn_news\\\/midsummer-abs-bokslutskommunike-2019\\\/#primaryimage\"},\"image\":{\"@id\":\"https:\\\/\\\/midsummer.se\\\/en\\\/mfn_news\\\/midsummer-abs-bokslutskommunike-2019\\\/#primaryimage\"},\"thumbnailUrl\":\"https:\\\/\\\/mb.cision.com\\\/Public\\\/19047\\\/3038131\\\/b3ce184f8561b638_800x800ar.jpg\",\"datePublished\":\"2020-02-19T07:30:00+00:00\",\"dateModified\":\"2023-10-27T06:09:48+00:00\",\"breadcrumb\":{\"@id\":\"https:\\\/\\\/midsummer.se\\\/en\\\/mfn_news\\\/midsummer-abs-bokslutskommunike-2019\\\/#breadcrumb\"},\"inLanguage\":\"en-US\",\"potentialAction\":[{\"@type\":\"ReadAction\",\"target\":[\"https:\\\/\\\/midsummer.se\\\/en\\\/mfn_news\\\/midsummer-abs-bokslutskommunike-2019\\\/\"]}]},{\"@type\":\"ImageObject\",\"inLanguage\":\"en-US\",\"@id\":\"https:\\\/\\\/midsummer.se\\\/en\\\/mfn_news\\\/midsummer-abs-bokslutskommunike-2019\\\/#primaryimage\",\"url\":\"https:\\\/\\\/mb.cision.com\\\/Public\\\/19047\\\/3038131\\\/b3ce184f8561b638_800x800ar.jpg\",\"contentUrl\":\"https:\\\/\\\/mb.cision.com\\\/Public\\\/19047\\\/3038131\\\/b3ce184f8561b638_800x800ar.jpg\"},{\"@type\":\"BreadcrumbList\",\"@id\":\"https:\\\/\\\/midsummer.se\\\/en\\\/mfn_news\\\/midsummer-abs-bokslutskommunike-2019\\\/#breadcrumb\",\"itemListElement\":[{\"@type\":\"ListItem\",\"position\":1,\"name\":\"Hem\",\"item\":\"https:\\\/\\\/midsummer.se\\\/en\\\/\"},{\"@type\":\"ListItem\",\"position\":2,\"name\":\"MFN News Items\",\"item\":\"https:\\\/\\\/midsummer.se\\\/en\\\/mfn_news\\\/\"},{\"@type\":\"ListItem\",\"position\":3,\"name\":\"Midsummer ABs bokslutskommunik\u00e9 2019\"}]},{\"@type\":\"WebSite\",\"@id\":\"https:\\\/\\\/midsummer.se\\\/en\\\/#website\",\"url\":\"https:\\\/\\\/midsummer.se\\\/en\\\/\",\"name\":\"Midsummer\",\"description\":\"\",\"publisher\":{\"@id\":\"https:\\\/\\\/midsummer.se\\\/en\\\/#organization\"},\"potentialAction\":[{\"@type\":\"SearchAction\",\"target\":{\"@type\":\"EntryPoint\",\"urlTemplate\":\"https:\\\/\\\/midsummer.se\\\/en\\\/?s={search_term_string}\"},\"query-input\":{\"@type\":\"PropertyValueSpecification\",\"valueRequired\":true,\"valueName\":\"search_term_string\"}}],\"inLanguage\":\"en-US\"},{\"@type\":\"Organization\",\"@id\":\"https:\\\/\\\/midsummer.se\\\/en\\\/#organization\",\"name\":\"Midsummer\",\"url\":\"https:\\\/\\\/midsummer.se\\\/en\\\/\",\"logo\":{\"@type\":\"ImageObject\",\"inLanguage\":\"en-US\",\"@id\":\"https:\\\/\\\/midsummer.se\\\/en\\\/#\\\/schema\\\/logo\\\/image\\\/\",\"url\":\"https:\\\/\\\/midsummer.se\\\/wp-content\\\/uploads\\\/2020\\\/02\\\/MidSumLogo.svg\",\"contentUrl\":\"https:\\\/\\\/midsummer.se\\\/wp-content\\\/uploads\\\/2020\\\/02\\\/MidSumLogo.svg\",\"width\":335,\"height\":96,\"caption\":\"Midsummer\"},\"image\":{\"@id\":\"https:\\\/\\\/midsummer.se\\\/en\\\/#\\\/schema\\\/logo\\\/image\\\/\"}}]}<\/script>\n<!-- \/ Yoast SEO plugin. -->","yoast_head_json":{"title":"Midsummer ABs bokslutskommunik\u00e9 2019 - Midsummer","robots":{"index":"index","follow":"follow","max-snippet":"max-snippet:-1","max-image-preview":"max-image-preview:large","max-video-preview":"max-video-preview:-1"},"canonical":"https:\/\/midsummer.se\/en\/mfn_news\/midsummer-abs-bokslutskommunike-2019\/","og_locale":"en_US","og_type":"article","og_title":"Midsummer ABs bokslutskommunik\u00e9 2019 - Midsummer","og_description":"Solenergif\u00f6retaget Midsummer AB (publ) presenterar idag sin bokslutskommunik\u00e9 f\u00f6r 2019. Nettooms\u00e4ttningen f\u00f6r koncernen uppgick till 184,5 miljoner kronor med ett r\u00f6relseresultat...","og_url":"https:\/\/midsummer.se\/en\/mfn_news\/midsummer-abs-bokslutskommunike-2019\/","og_site_name":"Midsummer","article_modified_time":"2023-10-27T06:09:48+00:00","og_image":[{"url":"https:\/\/mb.cision.com\/Public\/19047\/3038131\/b3ce184f8561b638_800x800ar.jpg","type":"","width":"","height":""}],"twitter_card":"summary_large_image","twitter_misc":{"Est. reading time":"5 minutes"},"schema":{"@context":"https:\/\/schema.org","@graph":[{"@type":"WebPage","@id":"https:\/\/midsummer.se\/en\/mfn_news\/midsummer-abs-bokslutskommunike-2019\/","url":"https:\/\/midsummer.se\/en\/mfn_news\/midsummer-abs-bokslutskommunike-2019\/","name":"Midsummer ABs bokslutskommunik\u00e9 2019 - Midsummer","isPartOf":{"@id":"https:\/\/midsummer.se\/en\/#website"},"primaryImageOfPage":{"@id":"https:\/\/midsummer.se\/en\/mfn_news\/midsummer-abs-bokslutskommunike-2019\/#primaryimage"},"image":{"@id":"https:\/\/midsummer.se\/en\/mfn_news\/midsummer-abs-bokslutskommunike-2019\/#primaryimage"},"thumbnailUrl":"https:\/\/mb.cision.com\/Public\/19047\/3038131\/b3ce184f8561b638_800x800ar.jpg","datePublished":"2020-02-19T07:30:00+00:00","dateModified":"2023-10-27T06:09:48+00:00","breadcrumb":{"@id":"https:\/\/midsummer.se\/en\/mfn_news\/midsummer-abs-bokslutskommunike-2019\/#breadcrumb"},"inLanguage":"en-US","potentialAction":[{"@type":"ReadAction","target":["https:\/\/midsummer.se\/en\/mfn_news\/midsummer-abs-bokslutskommunike-2019\/"]}]},{"@type":"ImageObject","inLanguage":"en-US","@id":"https:\/\/midsummer.se\/en\/mfn_news\/midsummer-abs-bokslutskommunike-2019\/#primaryimage","url":"https:\/\/mb.cision.com\/Public\/19047\/3038131\/b3ce184f8561b638_800x800ar.jpg","contentUrl":"https:\/\/mb.cision.com\/Public\/19047\/3038131\/b3ce184f8561b638_800x800ar.jpg"},{"@type":"BreadcrumbList","@id":"https:\/\/midsummer.se\/en\/mfn_news\/midsummer-abs-bokslutskommunike-2019\/#breadcrumb","itemListElement":[{"@type":"ListItem","position":1,"name":"Hem","item":"https:\/\/midsummer.se\/en\/"},{"@type":"ListItem","position":2,"name":"MFN News Items","item":"https:\/\/midsummer.se\/en\/mfn_news\/"},{"@type":"ListItem","position":3,"name":"Midsummer ABs bokslutskommunik\u00e9 2019"}]},{"@type":"WebSite","@id":"https:\/\/midsummer.se\/en\/#website","url":"https:\/\/midsummer.se\/en\/","name":"Midsummer","description":"","publisher":{"@id":"https:\/\/midsummer.se\/en\/#organization"},"potentialAction":[{"@type":"SearchAction","target":{"@type":"EntryPoint","urlTemplate":"https:\/\/midsummer.se\/en\/?s={search_term_string}"},"query-input":{"@type":"PropertyValueSpecification","valueRequired":true,"valueName":"search_term_string"}}],"inLanguage":"en-US"},{"@type":"Organization","@id":"https:\/\/midsummer.se\/en\/#organization","name":"Midsummer","url":"https:\/\/midsummer.se\/en\/","logo":{"@type":"ImageObject","inLanguage":"en-US","@id":"https:\/\/midsummer.se\/en\/#\/schema\/logo\/image\/","url":"https:\/\/midsummer.se\/wp-content\/uploads\/2020\/02\/MidSumLogo.svg","contentUrl":"https:\/\/midsummer.se\/wp-content\/uploads\/2020\/02\/MidSumLogo.svg","width":335,"height":96,"caption":"Midsummer"},"image":{"@id":"https:\/\/midsummer.se\/en\/#\/schema\/logo\/image\/"}}]}},"_links":{"self":[{"href":"https:\/\/midsummer.se\/en\/wp-json\/wp\/v2\/mfn_news\/15388","targetHints":{"allow":["GET"]}}],"collection":[{"href":"https:\/\/midsummer.se\/en\/wp-json\/wp\/v2\/mfn_news"}],"about":[{"href":"https:\/\/midsummer.se\/en\/wp-json\/wp\/v2\/types\/mfn_news"}],"wp:attachment":[{"href":"https:\/\/midsummer.se\/en\/wp-json\/wp\/v2\/media?parent=15388"}],"curies":[{"name":"wp","href":"https:\/\/api.w.org\/{rel}","templated":true}]}}