{"id":15356,"date":"2020-11-19T17:54:54","date_gmt":"2020-11-19T16:54:54","guid":{"rendered":"http:\/\/develope.midsummersolarroofs.se\/mfn_news\/midsummer-koper-fabrikslokal-i-italien\/"},"modified":"2023-10-27T08:09:39","modified_gmt":"2023-10-27T06:09:39","slug":"midsummer-koper-fabrikslokal-i-italien","status":"publish","type":"mfn_news","link":"https:\/\/midsummer.se\/en\/mfn_news\/midsummer-koper-fabrikslokal-i-italien\/","title":{"rendered":"Midsummer k\u00f6per fabrikslokal i Italien"},"content":{"rendered":"<div class=\"mfn-preamble\"><strong>Nu st\u00e5r det klart att Midsummer k\u00f6per en fabrikslokal i Bari i s\u00f6dra Italien f\u00f6r att starta storskalig tillverkning av solpaneler, i en region som \u00e4r rankad etta i Italien i elproduktion fr\u00e5n solcellsinstallationer.<\/strong><\/div><p><span><span><span><span>Lokalen som \u00e4r totalt 3880 kvm stor inneh\u00e5ller b\u00e5de kontor och ytor f\u00f6r att s\u00e4tta upp en storskalig tillverkning av <a href=\"https:\/\/midsummer.se\/\" rel=\"nofollow\">Midsummer<\/a>s byggnadsintegrerade <\/span><\/span><\/span><\/span><span><span>solpaneler<span>,\u00a0<\/span><\/span><\/span><span><span><span><span><span>med en toppkapacitet p\u00e5 50MW solpaneler per \u00e5r<\/span><\/span><\/span>. <span><span><span> Arbetet med design av fabrikslayout \u00e4r p\u00e5b\u00f6rjat.<\/span><\/span><\/span><\/span><\/span><\/p>\n\n<p><span><span><span><span>&#8211; Det \u00e4r gl\u00e4djande att idag ha tecknat avtal f\u00f6r v\u00e5r nya fabrik i Italien och d\u00e4rmed forts\u00e4tta agera i enlighet med det vi kommunicerat i nyligen genomf\u00f6rda nyemissionen. Lokalen och placeringen \u00e4r optimal f\u00f6r v\u00e5rt syfte med fantastiskt klimat, optimal solinstr\u00e5lning och omedelbar n\u00e4rhet till den h\u00f6gintressanta sydeuropeiska marknaden*, s\u00e4ger Sven Lindstr\u00f6m, VD, Midsummer.<\/span><\/span><\/span><\/span><\/p>\n\n<p><span><span><span><span>Apuliaregionen, d\u00e4r Bari och den nya lokalen ligger, \u00e4r rankad som nummer ett i elproduktion fr\u00e5n solcellsinstallationer. N\u00e4rvaron med en fabrik medf\u00f6r d\u00e4rmed \u00e4ven intressanta aff\u00e4rsm\u00f6jligheter i regionen.<\/span><\/span><\/span><\/span><\/p>\n\n<p><span><span><span><span>&#8211; Vi \u00e4r mycket n\u00f6jda med v\u00e5ra nya lokaler och jag ser fram emot att inleda arbetet p\u00e5 plats i Bari. Vi planerar nu f\u00f6r b\u00e5de upps\u00e4ttning av produktionslinorna, d\u00e4r Midsummer DUO har den sj\u00e4lvklara huvudrollen, samt rekrytering av personal. Sj\u00e4lvklart kommer vi \u00e4ven s\u00e4tta Midsummers solpaneler p\u00e5 taket, s\u00e4ger Jarno Montella, VD, Midsummer Italia.<\/span><\/span><\/span><\/span><br\/>\n<br\/>\n<span><em><span>* Fakta om den europeiska solcellsmarknaden<br\/>\n&#8211; 2018 investerades 16 miljarder EUR i solceller i Europa, med en tillv\u00e4xt p\u00e5 87 % fr\u00e5n f\u00f6reg\u00e5ende \u00e5r.<br\/>\n&#8211; 2019 investerades 21 miljarder EUR i solceller i Europa, med en tillv\u00e4xt p\u00e5 31 % fr\u00e5n f\u00f6reg\u00e5ende \u00e5r.<\/span><\/em><\/span><br\/>\n<br\/>\n<span><em><span>K\u00e4lla: GLOBAL TRENDS IN RENEWABLE ENERGY INVESTMENT 2020, UN &amp; BloombergNEF, GLOBAL TRENDS IN RENEWABLE ENERGY INVESTMENT 2019, UN &amp; BloombergNEF<\/span><\/em><\/span><\/p><div class=\"mfn-footer\"><p><span><strong><span>F\u00f6r mer information, kontakta:<\/span><\/strong><\/span><br>\n<br>\n<span><span>Helena Engelbrecht<br>\nKommunikationschef, Midsummer<br>\nEpost: <a href=\"mailto:helena.engelbrecht@midsummer.se\" rel=\"nofollow\">helena.engelbrecht@midsummer.se<\/a><br>\nTelefon: <\/span><span><span>+46 76\u00a0789 77 78<\/span><\/span><\/span><\/p><\/div>","protected":false},"excerpt":{"rendered":"<p>Nu st\u00e5r det klart att Midsummer k\u00f6per en fabrikslokal i Bari i s\u00f6dra Italien f\u00f6r att starta storskalig tillverkning av solpaneler,<span class=\"more\">&#8230;<\/span><\/p>\n","protected":false},"template":"","class_list":["post-15356","mfn_news","type-mfn_news","status-publish","hentry","mfn-news-tag-mfn-ci_sv","mfn-news-tag-mfn-type-ir_sv","mfn-news-tag-mfn_sv","mfn-news-tag-mfn-ci-other_sv","mfn-news-tag-mfn-lang-sv_sv"],"acf":[],"yoast_head":"<!-- This site is optimized with the Yoast SEO plugin v27.5 - https:\/\/yoast.com\/product\/yoast-seo-wordpress\/ -->\n<title>Midsummer k\u00f6per fabrikslokal i Italien - Midsummer<\/title>\n<meta name=\"robots\" content=\"index, follow, max-snippet:-1, max-image-preview:large, max-video-preview:-1\" \/>\n<link rel=\"canonical\" href=\"https:\/\/midsummer.se\/en\/mfn_news\/midsummer-koper-fabrikslokal-i-italien\/\" \/>\n<meta property=\"og:locale\" content=\"en_US\" \/>\n<meta property=\"og:type\" content=\"article\" \/>\n<meta property=\"og:title\" content=\"Midsummer k\u00f6per fabrikslokal i Italien - Midsummer\" \/>\n<meta property=\"og:description\" content=\"Nu st\u00e5r det klart att Midsummer k\u00f6per en fabrikslokal i Bari i s\u00f6dra Italien f\u00f6r att starta storskalig tillverkning av solpaneler,...\" \/>\n<meta property=\"og:url\" content=\"https:\/\/midsummer.se\/en\/mfn_news\/midsummer-koper-fabrikslokal-i-italien\/\" \/>\n<meta property=\"og:site_name\" content=\"Midsummer\" \/>\n<meta property=\"article:modified_time\" content=\"2023-10-27T06:09:39+00:00\" \/>\n<meta property=\"og:image\" content=\"https:\/\/midsummer.se\/wp-content\/uploads\/2024\/02\/2.png\" \/>\n\t<meta property=\"og:image:width\" content=\"1920\" \/>\n\t<meta property=\"og:image:height\" content=\"1280\" \/>\n\t<meta property=\"og:image:type\" content=\"image\/png\" \/>\n<meta name=\"twitter:card\" content=\"summary_large_image\" \/>\n<meta name=\"twitter:label1\" content=\"Est. reading time\" \/>\n\t<meta name=\"twitter:data1\" content=\"2 minutes\" \/>\n<script type=\"application\/ld+json\" class=\"yoast-schema-graph\">{\"@context\":\"https:\\\/\\\/schema.org\",\"@graph\":[{\"@type\":\"WebPage\",\"@id\":\"https:\\\/\\\/midsummer.se\\\/en\\\/mfn_news\\\/midsummer-koper-fabrikslokal-i-italien\\\/\",\"url\":\"https:\\\/\\\/midsummer.se\\\/en\\\/mfn_news\\\/midsummer-koper-fabrikslokal-i-italien\\\/\",\"name\":\"Midsummer k\u00f6per fabrikslokal i Italien - Midsummer\",\"isPartOf\":{\"@id\":\"https:\\\/\\\/midsummer.se\\\/en\\\/#website\"},\"datePublished\":\"2020-11-19T16:54:54+00:00\",\"dateModified\":\"2023-10-27T06:09:39+00:00\",\"breadcrumb\":{\"@id\":\"https:\\\/\\\/midsummer.se\\\/en\\\/mfn_news\\\/midsummer-koper-fabrikslokal-i-italien\\\/#breadcrumb\"},\"inLanguage\":\"en-US\",\"potentialAction\":[{\"@type\":\"ReadAction\",\"target\":[\"https:\\\/\\\/midsummer.se\\\/en\\\/mfn_news\\\/midsummer-koper-fabrikslokal-i-italien\\\/\"]}]},{\"@type\":\"BreadcrumbList\",\"@id\":\"https:\\\/\\\/midsummer.se\\\/en\\\/mfn_news\\\/midsummer-koper-fabrikslokal-i-italien\\\/#breadcrumb\",\"itemListElement\":[{\"@type\":\"ListItem\",\"position\":1,\"name\":\"Hem\",\"item\":\"https:\\\/\\\/midsummer.se\\\/en\\\/\"},{\"@type\":\"ListItem\",\"position\":2,\"name\":\"MFN News Items\",\"item\":\"https:\\\/\\\/midsummer.se\\\/en\\\/mfn_news\\\/\"},{\"@type\":\"ListItem\",\"position\":3,\"name\":\"Midsummer k\u00f6per fabrikslokal i Italien\"}]},{\"@type\":\"WebSite\",\"@id\":\"https:\\\/\\\/midsummer.se\\\/en\\\/#website\",\"url\":\"https:\\\/\\\/midsummer.se\\\/en\\\/\",\"name\":\"Midsummer\",\"description\":\"\",\"publisher\":{\"@id\":\"https:\\\/\\\/midsummer.se\\\/en\\\/#organization\"},\"potentialAction\":[{\"@type\":\"SearchAction\",\"target\":{\"@type\":\"EntryPoint\",\"urlTemplate\":\"https:\\\/\\\/midsummer.se\\\/en\\\/?s={search_term_string}\"},\"query-input\":{\"@type\":\"PropertyValueSpecification\",\"valueRequired\":true,\"valueName\":\"search_term_string\"}}],\"inLanguage\":\"en-US\"},{\"@type\":\"Organization\",\"@id\":\"https:\\\/\\\/midsummer.se\\\/en\\\/#organization\",\"name\":\"Midsummer\",\"url\":\"https:\\\/\\\/midsummer.se\\\/en\\\/\",\"logo\":{\"@type\":\"ImageObject\",\"inLanguage\":\"en-US\",\"@id\":\"https:\\\/\\\/midsummer.se\\\/en\\\/#\\\/schema\\\/logo\\\/image\\\/\",\"url\":\"https:\\\/\\\/midsummer.se\\\/wp-content\\\/uploads\\\/2020\\\/02\\\/MidSumLogo.svg\",\"contentUrl\":\"https:\\\/\\\/midsummer.se\\\/wp-content\\\/uploads\\\/2020\\\/02\\\/MidSumLogo.svg\",\"width\":335,\"height\":96,\"caption\":\"Midsummer\"},\"image\":{\"@id\":\"https:\\\/\\\/midsummer.se\\\/en\\\/#\\\/schema\\\/logo\\\/image\\\/\"}}]}<\/script>\n<!-- \/ Yoast SEO plugin. -->","yoast_head_json":{"title":"Midsummer k\u00f6per fabrikslokal i Italien - Midsummer","robots":{"index":"index","follow":"follow","max-snippet":"max-snippet:-1","max-image-preview":"max-image-preview:large","max-video-preview":"max-video-preview:-1"},"canonical":"https:\/\/midsummer.se\/en\/mfn_news\/midsummer-koper-fabrikslokal-i-italien\/","og_locale":"en_US","og_type":"article","og_title":"Midsummer k\u00f6per fabrikslokal i Italien - Midsummer","og_description":"Nu st\u00e5r det klart att Midsummer k\u00f6per en fabrikslokal i Bari i s\u00f6dra Italien f\u00f6r att starta storskalig tillverkning av solpaneler,...","og_url":"https:\/\/midsummer.se\/en\/mfn_news\/midsummer-koper-fabrikslokal-i-italien\/","og_site_name":"Midsummer","article_modified_time":"2023-10-27T06:09:39+00:00","og_image":[{"width":1920,"height":1280,"url":"https:\/\/midsummer.se\/wp-content\/uploads\/2024\/02\/2.png","type":"image\/png"}],"twitter_card":"summary_large_image","twitter_misc":{"Est. reading time":"2 minutes"},"schema":{"@context":"https:\/\/schema.org","@graph":[{"@type":"WebPage","@id":"https:\/\/midsummer.se\/en\/mfn_news\/midsummer-koper-fabrikslokal-i-italien\/","url":"https:\/\/midsummer.se\/en\/mfn_news\/midsummer-koper-fabrikslokal-i-italien\/","name":"Midsummer k\u00f6per fabrikslokal i Italien - Midsummer","isPartOf":{"@id":"https:\/\/midsummer.se\/en\/#website"},"datePublished":"2020-11-19T16:54:54+00:00","dateModified":"2023-10-27T06:09:39+00:00","breadcrumb":{"@id":"https:\/\/midsummer.se\/en\/mfn_news\/midsummer-koper-fabrikslokal-i-italien\/#breadcrumb"},"inLanguage":"en-US","potentialAction":[{"@type":"ReadAction","target":["https:\/\/midsummer.se\/en\/mfn_news\/midsummer-koper-fabrikslokal-i-italien\/"]}]},{"@type":"BreadcrumbList","@id":"https:\/\/midsummer.se\/en\/mfn_news\/midsummer-koper-fabrikslokal-i-italien\/#breadcrumb","itemListElement":[{"@type":"ListItem","position":1,"name":"Hem","item":"https:\/\/midsummer.se\/en\/"},{"@type":"ListItem","position":2,"name":"MFN News Items","item":"https:\/\/midsummer.se\/en\/mfn_news\/"},{"@type":"ListItem","position":3,"name":"Midsummer k\u00f6per fabrikslokal i Italien"}]},{"@type":"WebSite","@id":"https:\/\/midsummer.se\/en\/#website","url":"https:\/\/midsummer.se\/en\/","name":"Midsummer","description":"","publisher":{"@id":"https:\/\/midsummer.se\/en\/#organization"},"potentialAction":[{"@type":"SearchAction","target":{"@type":"EntryPoint","urlTemplate":"https:\/\/midsummer.se\/en\/?s={search_term_string}"},"query-input":{"@type":"PropertyValueSpecification","valueRequired":true,"valueName":"search_term_string"}}],"inLanguage":"en-US"},{"@type":"Organization","@id":"https:\/\/midsummer.se\/en\/#organization","name":"Midsummer","url":"https:\/\/midsummer.se\/en\/","logo":{"@type":"ImageObject","inLanguage":"en-US","@id":"https:\/\/midsummer.se\/en\/#\/schema\/logo\/image\/","url":"https:\/\/midsummer.se\/wp-content\/uploads\/2020\/02\/MidSumLogo.svg","contentUrl":"https:\/\/midsummer.se\/wp-content\/uploads\/2020\/02\/MidSumLogo.svg","width":335,"height":96,"caption":"Midsummer"},"image":{"@id":"https:\/\/midsummer.se\/en\/#\/schema\/logo\/image\/"}}]}},"_links":{"self":[{"href":"https:\/\/midsummer.se\/en\/wp-json\/wp\/v2\/mfn_news\/15356","targetHints":{"allow":["GET"]}}],"collection":[{"href":"https:\/\/midsummer.se\/en\/wp-json\/wp\/v2\/mfn_news"}],"about":[{"href":"https:\/\/midsummer.se\/en\/wp-json\/wp\/v2\/types\/mfn_news"}],"wp:attachment":[{"href":"https:\/\/midsummer.se\/en\/wp-json\/wp\/v2\/media?parent=15356"}],"curies":[{"name":"wp","href":"https:\/\/api.w.org\/{rel}","templated":true}]}}