{"id":15353,"date":"2020-12-07T08:30:00","date_gmt":"2020-12-07T07:30:00","guid":{"rendered":"http:\/\/develope.midsummersolarroofs.se\/mfn_news\/midsummer-lamnar-in-ansokan-om-etableringsstod-till-invitalia\/"},"modified":"2023-10-27T08:09:38","modified_gmt":"2023-10-27T06:09:38","slug":"midsummer-lamnar-in-ansokan-om-etableringsstod-till-invitalia","status":"publish","type":"mfn_news","link":"https:\/\/midsummer.se\/en\/mfn_news\/midsummer-lamnar-in-ansokan-om-etableringsstod-till-invitalia\/","title":{"rendered":"Midsummer l\u00e4mnar in ans\u00f6kan om etableringsst\u00f6d till Invitalia"},"content":{"rendered":"<div class=\"mfn-preamble\"><strong>Nu har Midsummer l\u00e4mnat in en ans\u00f6kan om etableringsst\u00f6d till den italienska statliga institutionen Invitalia som ytterligare ett steg i etableringen av en storskalig produktion av solpaneler i form av en fabrik i Italien. Den f\u00e4rdiga fabriken kommer att g\u00f6ra Midsummer till den st\u00f6rsta producenten av CIGS-solpaneler i Europa.<\/strong><\/div><p><span><span>I november tecknade Midsummer avtal f\u00f6r k\u00f6p av en fabrikslokal i Bari i s\u00f6dra Italien. Nu tar f\u00f6retaget n\u00e4sta stora steg mot en fabrik med storskalig solpanelstillverkning med en ber\u00e4knad toppkapacitet p\u00e5 50 MW per \u00e5r genom att skicka in ans\u00f6kan om etableringsst\u00f6d till Invitalia.<br\/>\n<br\/>\nAns\u00f6kan har tagits emot v\u00e4l av myndighetsrepresentanter p\u00e5 b\u00e5de lokal och nationell niv\u00e5. Etableringsst\u00f6det best\u00e5r av en del bidrag och en del l\u00e5n och beslut om beviljande v\u00e4ntas komma under f\u00f6rsta halv\u00e5ret av 2021.<br\/>\n<br\/>\n&#8211; Det har varit en sp\u00e4nnande och gedigen process och vi har f\u00e5tt mycket goda relationer med Invitalia som ser stora m\u00f6jligheter med v\u00e5r etablering i Italien. De ser v\u00e4ldigt positivt p\u00e5 v\u00e5r aff\u00e4rsid\u00e9 och p\u00e5 de lokala arbetsm\u00f6jligheter som kommer att uppst\u00e5 p\u00e5 plats i Bari, s\u00e4ger Sven Lindstr\u00f6m, VD, Midsummer.<br\/>\n<br\/>\n&#8211; Vi \u00e4r v\u00e4ldigt tacksamma f\u00f6r de m\u00f6jligheter som detta f\u00f6rm\u00e5nliga etableringsst\u00f6d skulle inneb\u00e4ra och att vi kommer kunna titulera oss som den st\u00f6rsta CIGS-solpanelstillverkaren i Europa n\u00e4r fabriken \u00e4r i full drift, s\u00e4ger Jarno Montella, VD f\u00f6r Midsummer Italia.<br\/>\n<br\/>\n<strong>Kort om Invitalia:<\/strong><br\/>\n<a href=\"https:\/\/www.invitalia.it\/\" rel=\"nofollow\">Invitalia<\/a> \u00e4r en statlig institution f\u00f6r investeringar och ekonomisk utveckling, som \u00e4gs av det italienska ekonomiministeriet. Invitalia str\u00e4var efter att \u00f6ka Italiens ekonomiska tillv\u00e4xt och fokuserar p\u00e5 strategiska sektorer f\u00f6r utveckling och arbete. De hanterar alla nationella incitament och EU-medel som finns tillg\u00e4ngliga f\u00f6r att skapa nya innovativa f\u00f6retag och erbjuder ocks\u00e5 kostnadsfria tj\u00e4nster till utl\u00e4ndska investerare.<\/span><\/span><\/p>\n\u00a0\n\n<p><span><span><strong><span>Kontaktperson:<\/span><\/strong><br\/>\n<br\/>\nHelena Engelbrecht<br\/>\nKommunikationschef, Midsummer<br\/>\nE-post: <a href=\"mailto:helena.engelbrecht@midsummer.se\" rel=\"nofollow\">helena.engelbrecht@midsummer.se<\/a><br\/>\nTelefon: +46 76\u00a0789 77 78<\/span><\/span><\/p><div class=\"mfn-footer\"><\/div>","protected":false},"excerpt":{"rendered":"<p>Nu har Midsummer l\u00e4mnat in en ans\u00f6kan om etableringsst\u00f6d till den italienska statliga institutionen Invitalia som ytterligare ett steg i etableringen<span class=\"more\">&#8230;<\/span><\/p>\n","protected":false},"template":"","class_list":["post-15353","mfn_news","type-mfn_news","status-publish","hentry","mfn-news-tag-mfn-ci_sv","mfn-news-tag-mfn-type-ir_sv","mfn-news-tag-mfn_sv","mfn-news-tag-mfn-ci-other_sv","mfn-news-tag-mfn-lang-sv_sv"],"acf":[],"yoast_head":"<!-- This site is optimized with the Yoast SEO plugin v27.5 - https:\/\/yoast.com\/product\/yoast-seo-wordpress\/ -->\n<title>Midsummer l\u00e4mnar in ans\u00f6kan om etableringsst\u00f6d till Invitalia - Midsummer<\/title>\n<meta name=\"robots\" content=\"index, follow, max-snippet:-1, max-image-preview:large, max-video-preview:-1\" \/>\n<link rel=\"canonical\" href=\"https:\/\/midsummer.se\/en\/mfn_news\/midsummer-lamnar-in-ansokan-om-etableringsstod-till-invitalia\/\" \/>\n<meta property=\"og:locale\" content=\"en_US\" \/>\n<meta property=\"og:type\" content=\"article\" \/>\n<meta property=\"og:title\" content=\"Midsummer l\u00e4mnar in ans\u00f6kan om etableringsst\u00f6d till Invitalia - Midsummer\" \/>\n<meta property=\"og:description\" content=\"Nu har Midsummer l\u00e4mnat in en ans\u00f6kan om etableringsst\u00f6d till den italienska statliga institutionen Invitalia som ytterligare ett steg i etableringen...\" \/>\n<meta property=\"og:url\" content=\"https:\/\/midsummer.se\/en\/mfn_news\/midsummer-lamnar-in-ansokan-om-etableringsstod-till-invitalia\/\" \/>\n<meta property=\"og:site_name\" content=\"Midsummer\" \/>\n<meta property=\"article:modified_time\" content=\"2023-10-27T06:09:38+00:00\" \/>\n<meta property=\"og:image\" content=\"https:\/\/midsummer.se\/wp-content\/uploads\/2024\/02\/2.png\" \/>\n\t<meta property=\"og:image:width\" content=\"1920\" \/>\n\t<meta property=\"og:image:height\" content=\"1280\" \/>\n\t<meta property=\"og:image:type\" content=\"image\/png\" \/>\n<meta name=\"twitter:card\" content=\"summary_large_image\" \/>\n<meta name=\"twitter:label1\" content=\"Est. reading time\" \/>\n\t<meta name=\"twitter:data1\" content=\"2 minutes\" \/>\n<script type=\"application\/ld+json\" class=\"yoast-schema-graph\">{\"@context\":\"https:\\\/\\\/schema.org\",\"@graph\":[{\"@type\":\"WebPage\",\"@id\":\"https:\\\/\\\/midsummer.se\\\/en\\\/mfn_news\\\/midsummer-lamnar-in-ansokan-om-etableringsstod-till-invitalia\\\/\",\"url\":\"https:\\\/\\\/midsummer.se\\\/en\\\/mfn_news\\\/midsummer-lamnar-in-ansokan-om-etableringsstod-till-invitalia\\\/\",\"name\":\"Midsummer l\u00e4mnar in ans\u00f6kan om etableringsst\u00f6d till Invitalia - Midsummer\",\"isPartOf\":{\"@id\":\"https:\\\/\\\/midsummer.se\\\/en\\\/#website\"},\"datePublished\":\"2020-12-07T07:30:00+00:00\",\"dateModified\":\"2023-10-27T06:09:38+00:00\",\"breadcrumb\":{\"@id\":\"https:\\\/\\\/midsummer.se\\\/en\\\/mfn_news\\\/midsummer-lamnar-in-ansokan-om-etableringsstod-till-invitalia\\\/#breadcrumb\"},\"inLanguage\":\"en-US\",\"potentialAction\":[{\"@type\":\"ReadAction\",\"target\":[\"https:\\\/\\\/midsummer.se\\\/en\\\/mfn_news\\\/midsummer-lamnar-in-ansokan-om-etableringsstod-till-invitalia\\\/\"]}]},{\"@type\":\"BreadcrumbList\",\"@id\":\"https:\\\/\\\/midsummer.se\\\/en\\\/mfn_news\\\/midsummer-lamnar-in-ansokan-om-etableringsstod-till-invitalia\\\/#breadcrumb\",\"itemListElement\":[{\"@type\":\"ListItem\",\"position\":1,\"name\":\"Hem\",\"item\":\"https:\\\/\\\/midsummer.se\\\/en\\\/\"},{\"@type\":\"ListItem\",\"position\":2,\"name\":\"MFN News Items\",\"item\":\"https:\\\/\\\/midsummer.se\\\/en\\\/mfn_news\\\/\"},{\"@type\":\"ListItem\",\"position\":3,\"name\":\"Midsummer l\u00e4mnar in ans\u00f6kan om etableringsst\u00f6d till Invitalia\"}]},{\"@type\":\"WebSite\",\"@id\":\"https:\\\/\\\/midsummer.se\\\/en\\\/#website\",\"url\":\"https:\\\/\\\/midsummer.se\\\/en\\\/\",\"name\":\"Midsummer\",\"description\":\"\",\"publisher\":{\"@id\":\"https:\\\/\\\/midsummer.se\\\/en\\\/#organization\"},\"potentialAction\":[{\"@type\":\"SearchAction\",\"target\":{\"@type\":\"EntryPoint\",\"urlTemplate\":\"https:\\\/\\\/midsummer.se\\\/en\\\/?s={search_term_string}\"},\"query-input\":{\"@type\":\"PropertyValueSpecification\",\"valueRequired\":true,\"valueName\":\"search_term_string\"}}],\"inLanguage\":\"en-US\"},{\"@type\":\"Organization\",\"@id\":\"https:\\\/\\\/midsummer.se\\\/en\\\/#organization\",\"name\":\"Midsummer\",\"url\":\"https:\\\/\\\/midsummer.se\\\/en\\\/\",\"logo\":{\"@type\":\"ImageObject\",\"inLanguage\":\"en-US\",\"@id\":\"https:\\\/\\\/midsummer.se\\\/en\\\/#\\\/schema\\\/logo\\\/image\\\/\",\"url\":\"https:\\\/\\\/midsummer.se\\\/wp-content\\\/uploads\\\/2020\\\/02\\\/MidSumLogo.svg\",\"contentUrl\":\"https:\\\/\\\/midsummer.se\\\/wp-content\\\/uploads\\\/2020\\\/02\\\/MidSumLogo.svg\",\"width\":335,\"height\":96,\"caption\":\"Midsummer\"},\"image\":{\"@id\":\"https:\\\/\\\/midsummer.se\\\/en\\\/#\\\/schema\\\/logo\\\/image\\\/\"}}]}<\/script>\n<!-- \/ Yoast SEO plugin. -->","yoast_head_json":{"title":"Midsummer l\u00e4mnar in ans\u00f6kan om etableringsst\u00f6d till Invitalia - Midsummer","robots":{"index":"index","follow":"follow","max-snippet":"max-snippet:-1","max-image-preview":"max-image-preview:large","max-video-preview":"max-video-preview:-1"},"canonical":"https:\/\/midsummer.se\/en\/mfn_news\/midsummer-lamnar-in-ansokan-om-etableringsstod-till-invitalia\/","og_locale":"en_US","og_type":"article","og_title":"Midsummer l\u00e4mnar in ans\u00f6kan om etableringsst\u00f6d till Invitalia - Midsummer","og_description":"Nu har Midsummer l\u00e4mnat in en ans\u00f6kan om etableringsst\u00f6d till den italienska statliga institutionen Invitalia som ytterligare ett steg i etableringen...","og_url":"https:\/\/midsummer.se\/en\/mfn_news\/midsummer-lamnar-in-ansokan-om-etableringsstod-till-invitalia\/","og_site_name":"Midsummer","article_modified_time":"2023-10-27T06:09:38+00:00","og_image":[{"width":1920,"height":1280,"url":"https:\/\/midsummer.se\/wp-content\/uploads\/2024\/02\/2.png","type":"image\/png"}],"twitter_card":"summary_large_image","twitter_misc":{"Est. reading time":"2 minutes"},"schema":{"@context":"https:\/\/schema.org","@graph":[{"@type":"WebPage","@id":"https:\/\/midsummer.se\/en\/mfn_news\/midsummer-lamnar-in-ansokan-om-etableringsstod-till-invitalia\/","url":"https:\/\/midsummer.se\/en\/mfn_news\/midsummer-lamnar-in-ansokan-om-etableringsstod-till-invitalia\/","name":"Midsummer l\u00e4mnar in ans\u00f6kan om etableringsst\u00f6d till Invitalia - Midsummer","isPartOf":{"@id":"https:\/\/midsummer.se\/en\/#website"},"datePublished":"2020-12-07T07:30:00+00:00","dateModified":"2023-10-27T06:09:38+00:00","breadcrumb":{"@id":"https:\/\/midsummer.se\/en\/mfn_news\/midsummer-lamnar-in-ansokan-om-etableringsstod-till-invitalia\/#breadcrumb"},"inLanguage":"en-US","potentialAction":[{"@type":"ReadAction","target":["https:\/\/midsummer.se\/en\/mfn_news\/midsummer-lamnar-in-ansokan-om-etableringsstod-till-invitalia\/"]}]},{"@type":"BreadcrumbList","@id":"https:\/\/midsummer.se\/en\/mfn_news\/midsummer-lamnar-in-ansokan-om-etableringsstod-till-invitalia\/#breadcrumb","itemListElement":[{"@type":"ListItem","position":1,"name":"Hem","item":"https:\/\/midsummer.se\/en\/"},{"@type":"ListItem","position":2,"name":"MFN News Items","item":"https:\/\/midsummer.se\/en\/mfn_news\/"},{"@type":"ListItem","position":3,"name":"Midsummer l\u00e4mnar in ans\u00f6kan om etableringsst\u00f6d till Invitalia"}]},{"@type":"WebSite","@id":"https:\/\/midsummer.se\/en\/#website","url":"https:\/\/midsummer.se\/en\/","name":"Midsummer","description":"","publisher":{"@id":"https:\/\/midsummer.se\/en\/#organization"},"potentialAction":[{"@type":"SearchAction","target":{"@type":"EntryPoint","urlTemplate":"https:\/\/midsummer.se\/en\/?s={search_term_string}"},"query-input":{"@type":"PropertyValueSpecification","valueRequired":true,"valueName":"search_term_string"}}],"inLanguage":"en-US"},{"@type":"Organization","@id":"https:\/\/midsummer.se\/en\/#organization","name":"Midsummer","url":"https:\/\/midsummer.se\/en\/","logo":{"@type":"ImageObject","inLanguage":"en-US","@id":"https:\/\/midsummer.se\/en\/#\/schema\/logo\/image\/","url":"https:\/\/midsummer.se\/wp-content\/uploads\/2020\/02\/MidSumLogo.svg","contentUrl":"https:\/\/midsummer.se\/wp-content\/uploads\/2020\/02\/MidSumLogo.svg","width":335,"height":96,"caption":"Midsummer"},"image":{"@id":"https:\/\/midsummer.se\/en\/#\/schema\/logo\/image\/"}}]}},"_links":{"self":[{"href":"https:\/\/midsummer.se\/en\/wp-json\/wp\/v2\/mfn_news\/15353","targetHints":{"allow":["GET"]}}],"collection":[{"href":"https:\/\/midsummer.se\/en\/wp-json\/wp\/v2\/mfn_news"}],"about":[{"href":"https:\/\/midsummer.se\/en\/wp-json\/wp\/v2\/types\/mfn_news"}],"wp:attachment":[{"href":"https:\/\/midsummer.se\/en\/wp-json\/wp\/v2\/media?parent=15353"}],"curies":[{"name":"wp","href":"https:\/\/api.w.org\/{rel}","templated":true}]}}