{"id":15348,"date":"2021-02-04T14:37:40","date_gmt":"2021-02-04T13:37:40","guid":{"rendered":"http:\/\/develope.midsummersolarroofs.se\/mfn_news\/midsummer-presenterar-pa-aktiespararnas-temakvall-om-fornyelsebar-energi\/"},"modified":"2023-10-27T08:09:37","modified_gmt":"2023-10-27T06:09:37","slug":"midsummer-presenterar-pa-aktiespararnas-temakvall-om-fornyelsebar-energi","status":"publish","type":"mfn_news","link":"https:\/\/midsummer.se\/en\/mfn_news\/midsummer-presenterar-pa-aktiespararnas-temakvall-om-fornyelsebar-energi\/","title":{"rendered":"Midsummer presenterar p\u00e5 Aktiespararnas temakv\u00e4ll om f\u00f6rnyelsebar energi"},"content":{"rendered":"<div class=\"mfn-preamble\"><strong>Tisdag den 9 februari medverkar Midsummer AB (Publ) p\u00e5 Aktiespararnas digitala temakv\u00e4ll om f\u00f6rnyelsebar energi.<\/strong><\/div><p><span><span>Midsummers medverkan best\u00e5r av en bolagspresentation som avslutas med en modererad fr\u00e5gestund. Temakv\u00e4llen s\u00e4nds live via Aktiespararnas <a href=\"https:\/\/www.youtube.com\/c\/AktiespararnaEvent\" rel=\"nofollow\">YouTube-kanal<\/a> och <a href=\"https:\/\/www.aktiespararna.se\/tv\/live\" rel=\"nofollow\">aktiespararna.se<\/a>. Klippet av Midsummers presentation kommer senare publiceras p\u00e5 <a href=\"https:\/\/midsummer.se\/press\/\" rel=\"nofollow\">midsummer.se<\/a>.<\/span><\/span><\/p>\n\n<p><span><span>Presentationen genomf\u00f6rs av Sven Lindstr\u00f6m, VD p\u00e5 Midsummer kl. 16:00.<\/span><\/span><\/p>\n\u00a0\n\n<p><span><span><strong><span>Kontaktperson:<\/span><\/strong><br\/>\n<br\/>\nHelena Engelbrecht<br\/>\nKommunikationschef, Midsummer<br\/>\nE-post: <a href=\"mailto:helena.engelbrecht@midsummer.se\" rel=\"nofollow\">helena.engelbrecht@midsummer.se<\/a><br\/>\nTelefon: +46 76\u00a0789 77 78<\/span><\/span><\/p>\n\n<p><span><strong><span><span>Om Midsummer<\/span><\/span><\/strong><br\/>\n<span><span>Midsummer\u00a0utvecklar och s\u00e4ljer\u00a0solpaneler direkt till slutmarknaden fr\u00e5n egen produktion. Med\u00a0produkterna\u00a0<\/span><\/span><a href=\"https:\/\/midsummersolarroofs.se\/midsummer-slim\/\" rel=\"nofollow\"><span><span>Midsummer SLIM<\/span><\/span><\/a><span><span>,\u00a0<\/span><\/span><a href=\"https:\/\/midsummersolarroofs.se\/midsummer-wave\/\" rel=\"nofollow\"><span><span>Midsummer WAVE<\/span><\/span><\/a><span><span>\u00a0och\u00a0<\/span><\/span><a href=\"https:\/\/midsummersolarroofs.se\/midsummer-bold\/\" rel=\"nofollow\"><span><span>Midsummer BOLD<\/span><\/span><\/a><span><span>\u00a0f\u00e5r kunden l\u00e4tta, tunna och diskreta solpaneler\u00a0som ger ett estetiskt tilltalande solcellstak, med ett n\u00e4stan 90 % mindre koldioxidavtryck j\u00e4mf\u00f6rt med konventionella solpaneler.<\/span><\/span><br\/>\n<br\/>\n<span><span>Midsummer \u00e4r \u00e4ven en ledande\u00a0svensk\u00a0utvecklare och leverant\u00f6r av avancerade l\u00f6sningar f\u00f6r produktion och installation av slitstarka och b\u00f6jbara CIGS-solceller. F\u00f6retagets erbjudande inkluderar utrustning f\u00f6r kostnadseffektiv tillverkning av tunnfilmssolceller samt byggnadsintegrerade solceller (BIPV). Det unika\u00a0<\/span><\/span><a href=\"https:\/\/midsummer.se\/products\/duo-turnkey-system\/\" rel=\"nofollow\"><span><span>DUO-systemet<\/span><\/span><\/a><span><span>\u00a0har tagit positionen som det mest spridda produktionssystemet f\u00f6r b\u00f6jbara CIGS-solceller i v\u00e4rlden.<br\/>\n<br\/>\nMidsummers teknik bygger p\u00e5 en snabb process f\u00f6r produktion av slitstarka, b\u00f6jbara CIGS-solceller med sputtring av alla lager i solcellen i en obruten vakuumkedja. Bolagets aktie (MIDS) \u00e4r f\u00f6rem\u00e5l f\u00f6r handel p\u00e5 Nasdaq First North Premier Growth Market.\u00a0<\/span><\/span><span><span>Certified Adviser \u00e4r G&amp;W Fondkommission, tel: 08-503\u00a0000\u00a050, e-post:\u00a0<\/span><\/span><a href=\"mailto:ca@gwkapital.se\" rel=\"nofollow\"><span><span>ca@gwkapital.se<\/span><\/span><\/a><span><span>.\u00a0F\u00f6r mer information, v\u00e4nligen bes\u00f6k:\u00a0<\/span><\/span><a href=\"https:\/\/midsummer.se\/\" rel=\"nofollow\"><span><span>midsummer.se<\/span><\/span><\/a><\/span><\/p><div class=\"mfn-footer\"><\/div>","protected":false},"excerpt":{"rendered":"<p>Tisdag den 9 februari medverkar Midsummer AB (Publ) p\u00e5 Aktiespararnas digitala temakv\u00e4ll om f\u00f6rnyelsebar energi.Midsummers medverkan best\u00e5r av en bolagspresentation som<span class=\"more\">&#8230;<\/span><\/p>\n","protected":false},"template":"","class_list":["post-15348","mfn_news","type-mfn_news","status-publish","hentry","mfn-news-tag-mfn-ci_sv","mfn-news-tag-mfn-type-ir_sv","mfn-news-tag-mfn_sv","mfn-news-tag-mfn-ci-presentation_sv","mfn-news-tag-mfn-lang-sv_sv"],"acf":[],"yoast_head":"<!-- This site is optimized with the Yoast SEO plugin v27.5 - https:\/\/yoast.com\/product\/yoast-seo-wordpress\/ -->\n<title>Midsummer presenterar p\u00e5 Aktiespararnas temakv\u00e4ll om f\u00f6rnyelsebar energi - Midsummer<\/title>\n<meta name=\"robots\" content=\"index, follow, max-snippet:-1, max-image-preview:large, max-video-preview:-1\" \/>\n<link rel=\"canonical\" href=\"https:\/\/midsummer.se\/en\/mfn_news\/midsummer-presenterar-pa-aktiespararnas-temakvall-om-fornyelsebar-energi\/\" \/>\n<meta property=\"og:locale\" content=\"en_US\" \/>\n<meta property=\"og:type\" content=\"article\" \/>\n<meta property=\"og:title\" content=\"Midsummer presenterar p\u00e5 Aktiespararnas temakv\u00e4ll om f\u00f6rnyelsebar energi - Midsummer\" \/>\n<meta property=\"og:description\" content=\"Tisdag den 9 februari medverkar Midsummer AB (Publ) p\u00e5 Aktiespararnas digitala temakv\u00e4ll om f\u00f6rnyelsebar energi.Midsummers medverkan best\u00e5r av en bolagspresentation som...\" \/>\n<meta property=\"og:url\" content=\"https:\/\/midsummer.se\/en\/mfn_news\/midsummer-presenterar-pa-aktiespararnas-temakvall-om-fornyelsebar-energi\/\" \/>\n<meta property=\"og:site_name\" content=\"Midsummer\" \/>\n<meta property=\"article:modified_time\" content=\"2023-10-27T06:09:37+00:00\" \/>\n<meta property=\"og:image\" content=\"https:\/\/midsummer.se\/wp-content\/uploads\/2024\/02\/2.png\" \/>\n\t<meta property=\"og:image:width\" content=\"1920\" \/>\n\t<meta property=\"og:image:height\" content=\"1280\" \/>\n\t<meta property=\"og:image:type\" content=\"image\/png\" \/>\n<meta name=\"twitter:card\" content=\"summary_large_image\" \/>\n<meta name=\"twitter:label1\" content=\"Est. reading time\" \/>\n\t<meta name=\"twitter:data1\" content=\"1 minute\" \/>\n<script type=\"application\/ld+json\" class=\"yoast-schema-graph\">{\"@context\":\"https:\\\/\\\/schema.org\",\"@graph\":[{\"@type\":\"WebPage\",\"@id\":\"https:\\\/\\\/midsummer.se\\\/en\\\/mfn_news\\\/midsummer-presenterar-pa-aktiespararnas-temakvall-om-fornyelsebar-energi\\\/\",\"url\":\"https:\\\/\\\/midsummer.se\\\/en\\\/mfn_news\\\/midsummer-presenterar-pa-aktiespararnas-temakvall-om-fornyelsebar-energi\\\/\",\"name\":\"Midsummer presenterar p\u00e5 Aktiespararnas temakv\u00e4ll om f\u00f6rnyelsebar energi - Midsummer\",\"isPartOf\":{\"@id\":\"https:\\\/\\\/midsummer.se\\\/en\\\/#website\"},\"datePublished\":\"2021-02-04T13:37:40+00:00\",\"dateModified\":\"2023-10-27T06:09:37+00:00\",\"breadcrumb\":{\"@id\":\"https:\\\/\\\/midsummer.se\\\/en\\\/mfn_news\\\/midsummer-presenterar-pa-aktiespararnas-temakvall-om-fornyelsebar-energi\\\/#breadcrumb\"},\"inLanguage\":\"en-US\",\"potentialAction\":[{\"@type\":\"ReadAction\",\"target\":[\"https:\\\/\\\/midsummer.se\\\/en\\\/mfn_news\\\/midsummer-presenterar-pa-aktiespararnas-temakvall-om-fornyelsebar-energi\\\/\"]}]},{\"@type\":\"BreadcrumbList\",\"@id\":\"https:\\\/\\\/midsummer.se\\\/en\\\/mfn_news\\\/midsummer-presenterar-pa-aktiespararnas-temakvall-om-fornyelsebar-energi\\\/#breadcrumb\",\"itemListElement\":[{\"@type\":\"ListItem\",\"position\":1,\"name\":\"Hem\",\"item\":\"https:\\\/\\\/midsummer.se\\\/en\\\/\"},{\"@type\":\"ListItem\",\"position\":2,\"name\":\"MFN News Items\",\"item\":\"https:\\\/\\\/midsummer.se\\\/en\\\/mfn_news\\\/\"},{\"@type\":\"ListItem\",\"position\":3,\"name\":\"Midsummer presenterar p\u00e5 Aktiespararnas temakv\u00e4ll om f\u00f6rnyelsebar energi\"}]},{\"@type\":\"WebSite\",\"@id\":\"https:\\\/\\\/midsummer.se\\\/en\\\/#website\",\"url\":\"https:\\\/\\\/midsummer.se\\\/en\\\/\",\"name\":\"Midsummer\",\"description\":\"\",\"publisher\":{\"@id\":\"https:\\\/\\\/midsummer.se\\\/en\\\/#organization\"},\"potentialAction\":[{\"@type\":\"SearchAction\",\"target\":{\"@type\":\"EntryPoint\",\"urlTemplate\":\"https:\\\/\\\/midsummer.se\\\/en\\\/?s={search_term_string}\"},\"query-input\":{\"@type\":\"PropertyValueSpecification\",\"valueRequired\":true,\"valueName\":\"search_term_string\"}}],\"inLanguage\":\"en-US\"},{\"@type\":\"Organization\",\"@id\":\"https:\\\/\\\/midsummer.se\\\/en\\\/#organization\",\"name\":\"Midsummer\",\"url\":\"https:\\\/\\\/midsummer.se\\\/en\\\/\",\"logo\":{\"@type\":\"ImageObject\",\"inLanguage\":\"en-US\",\"@id\":\"https:\\\/\\\/midsummer.se\\\/en\\\/#\\\/schema\\\/logo\\\/image\\\/\",\"url\":\"https:\\\/\\\/midsummer.se\\\/wp-content\\\/uploads\\\/2020\\\/02\\\/MidSumLogo.svg\",\"contentUrl\":\"https:\\\/\\\/midsummer.se\\\/wp-content\\\/uploads\\\/2020\\\/02\\\/MidSumLogo.svg\",\"width\":335,\"height\":96,\"caption\":\"Midsummer\"},\"image\":{\"@id\":\"https:\\\/\\\/midsummer.se\\\/en\\\/#\\\/schema\\\/logo\\\/image\\\/\"}}]}<\/script>\n<!-- \/ Yoast SEO plugin. -->","yoast_head_json":{"title":"Midsummer presenterar p\u00e5 Aktiespararnas temakv\u00e4ll om f\u00f6rnyelsebar energi - Midsummer","robots":{"index":"index","follow":"follow","max-snippet":"max-snippet:-1","max-image-preview":"max-image-preview:large","max-video-preview":"max-video-preview:-1"},"canonical":"https:\/\/midsummer.se\/en\/mfn_news\/midsummer-presenterar-pa-aktiespararnas-temakvall-om-fornyelsebar-energi\/","og_locale":"en_US","og_type":"article","og_title":"Midsummer presenterar p\u00e5 Aktiespararnas temakv\u00e4ll om f\u00f6rnyelsebar energi - Midsummer","og_description":"Tisdag den 9 februari medverkar Midsummer AB (Publ) p\u00e5 Aktiespararnas digitala temakv\u00e4ll om f\u00f6rnyelsebar energi.Midsummers medverkan best\u00e5r av en bolagspresentation som...","og_url":"https:\/\/midsummer.se\/en\/mfn_news\/midsummer-presenterar-pa-aktiespararnas-temakvall-om-fornyelsebar-energi\/","og_site_name":"Midsummer","article_modified_time":"2023-10-27T06:09:37+00:00","og_image":[{"width":1920,"height":1280,"url":"https:\/\/midsummer.se\/wp-content\/uploads\/2024\/02\/2.png","type":"image\/png"}],"twitter_card":"summary_large_image","twitter_misc":{"Est. reading time":"1 minute"},"schema":{"@context":"https:\/\/schema.org","@graph":[{"@type":"WebPage","@id":"https:\/\/midsummer.se\/en\/mfn_news\/midsummer-presenterar-pa-aktiespararnas-temakvall-om-fornyelsebar-energi\/","url":"https:\/\/midsummer.se\/en\/mfn_news\/midsummer-presenterar-pa-aktiespararnas-temakvall-om-fornyelsebar-energi\/","name":"Midsummer presenterar p\u00e5 Aktiespararnas temakv\u00e4ll om f\u00f6rnyelsebar energi - Midsummer","isPartOf":{"@id":"https:\/\/midsummer.se\/en\/#website"},"datePublished":"2021-02-04T13:37:40+00:00","dateModified":"2023-10-27T06:09:37+00:00","breadcrumb":{"@id":"https:\/\/midsummer.se\/en\/mfn_news\/midsummer-presenterar-pa-aktiespararnas-temakvall-om-fornyelsebar-energi\/#breadcrumb"},"inLanguage":"en-US","potentialAction":[{"@type":"ReadAction","target":["https:\/\/midsummer.se\/en\/mfn_news\/midsummer-presenterar-pa-aktiespararnas-temakvall-om-fornyelsebar-energi\/"]}]},{"@type":"BreadcrumbList","@id":"https:\/\/midsummer.se\/en\/mfn_news\/midsummer-presenterar-pa-aktiespararnas-temakvall-om-fornyelsebar-energi\/#breadcrumb","itemListElement":[{"@type":"ListItem","position":1,"name":"Hem","item":"https:\/\/midsummer.se\/en\/"},{"@type":"ListItem","position":2,"name":"MFN News Items","item":"https:\/\/midsummer.se\/en\/mfn_news\/"},{"@type":"ListItem","position":3,"name":"Midsummer presenterar p\u00e5 Aktiespararnas temakv\u00e4ll om f\u00f6rnyelsebar energi"}]},{"@type":"WebSite","@id":"https:\/\/midsummer.se\/en\/#website","url":"https:\/\/midsummer.se\/en\/","name":"Midsummer","description":"","publisher":{"@id":"https:\/\/midsummer.se\/en\/#organization"},"potentialAction":[{"@type":"SearchAction","target":{"@type":"EntryPoint","urlTemplate":"https:\/\/midsummer.se\/en\/?s={search_term_string}"},"query-input":{"@type":"PropertyValueSpecification","valueRequired":true,"valueName":"search_term_string"}}],"inLanguage":"en-US"},{"@type":"Organization","@id":"https:\/\/midsummer.se\/en\/#organization","name":"Midsummer","url":"https:\/\/midsummer.se\/en\/","logo":{"@type":"ImageObject","inLanguage":"en-US","@id":"https:\/\/midsummer.se\/en\/#\/schema\/logo\/image\/","url":"https:\/\/midsummer.se\/wp-content\/uploads\/2020\/02\/MidSumLogo.svg","contentUrl":"https:\/\/midsummer.se\/wp-content\/uploads\/2020\/02\/MidSumLogo.svg","width":335,"height":96,"caption":"Midsummer"},"image":{"@id":"https:\/\/midsummer.se\/en\/#\/schema\/logo\/image\/"}}]}},"_links":{"self":[{"href":"https:\/\/midsummer.se\/en\/wp-json\/wp\/v2\/mfn_news\/15348","targetHints":{"allow":["GET"]}}],"collection":[{"href":"https:\/\/midsummer.se\/en\/wp-json\/wp\/v2\/mfn_news"}],"about":[{"href":"https:\/\/midsummer.se\/en\/wp-json\/wp\/v2\/types\/mfn_news"}],"wp:attachment":[{"href":"https:\/\/midsummer.se\/en\/wp-json\/wp\/v2\/media?parent=15348"}],"curies":[{"name":"wp","href":"https:\/\/api.w.org\/{rel}","templated":true}]}}